{"id":16264,"date":"2015-09-26T23:42:49","date_gmt":"2015-09-27T02:42:49","guid":{"rendered":"http:\/\/arvargen-cp514.wordpresstemporal.com\/?p=16264"},"modified":"2016-10-08T23:59:32","modified_gmt":"2016-10-09T02:59:32","slug":"personal-de-casas-particulares-apertura-de-paritarias-para-nuevas-escalas-salariales-a-partir-de-septiembre-de-2015","status":"publish","type":"post","link":"https:\/\/arv-argentina.com\/en\/personal-de-casas-particulares-apertura-de-paritarias-para-nuevas-escalas-salariales-a-partir-de-septiembre-de-2015\/","title":{"rendered":"PERSONAL DE CASAS PARTICULARES, APERTURA DE PARITARIAS PARA NUEVAS ESCALAS SALARIALES A PARTIR DE SEPTIEMBRE DE 2015"},"content":{"rendered":"<p>La Uni\u00f3n Personal Auxiliar de Casas Particulares (UPACP) informa que se ha constituido la comisi\u00f3n paritaria para los trabajadores que se desempe\u00f1an como personal de casas particulares que se fijar\u00e1n el aumento salarian de 2015 entre el Misterio de Trabajo de la Naci\u00f3n, los sindicatos presvista en el art\u00edculo 62 de la ley de la ley 26844, que regula la actividad.<\/p>\n<p>En este contexto, la UPACP silicit\u00f3 un aumento salarian del 25% para las distintas categor\u00edas a partir del 1 de Septiembre de 2015 y un 10% desde el 1 de enero de 2016, quedando pendiente la respuesta de la parte empleadora.<\/p>\n","protected":false},"excerpt":{"rendered":"<p>La Uni\u00f3n Personal Auxiliar de Casas Particulares (UPACP) informa que se ha constituido la comisi\u00f3n paritaria para los trabajadores que se desempe\u00f1an como personal de casas particulares que se fijar\u00e1n el aumento salarian de 2015 entre el Misterio de Trabajo de la Naci\u00f3n, los sindicatos&#8230;<\/p>\n","protected":false},"author":1,"featured_media":16154,"comment_status":"closed","ping_status":"open","sticky":false,"template":"","format":"standard","meta":{"footnotes":""},"categories":[61],"tags":[],"class_list":["post-16264","post","type-post","status-publish","format-standard","has-post-thumbnail","hentry","category-novedades"],"yoast_head":"<!-- This site is optimized with the Yoast SEO plugin v27.4 - https:\/\/yoast.com\/product\/yoast-seo-wordpress\/ -->\n<title>PERSONAL DE CASAS PARTICULARES, APERTURA DE PARITARIAS PARA NUEVAS ESCALAS SALARIALES A PARTIR DE SEPTIEMBRE DE 2015 - ARV Argentina | Alvarez Roperti Venegas Consultores Tributarios &amp; Auditores<\/title>\n<meta name=\"robots\" content=\"index, follow, max-snippet:-1, max-image-preview:large, max-video-preview:-1\" \/>\n<link rel=\"canonical\" href=\"https:\/\/arv-argentina.com\/en\/personal-de-casas-particulares-apertura-de-paritarias-para-nuevas-escalas-salariales-a-partir-de-septiembre-de-2015\/\" \/>\n<meta property=\"og:locale\" content=\"en_US\" \/>\n<meta property=\"og:type\" content=\"article\" \/>\n<meta property=\"og:title\" content=\"PERSONAL DE CASAS PARTICULARES, APERTURA DE PARITARIAS PARA NUEVAS ESCALAS SALARIALES A PARTIR DE SEPTIEMBRE DE 2015 - ARV Argentina | Alvarez Roperti Venegas Consultores Tributarios &amp; Auditores\" \/>\n<meta property=\"og:description\" content=\"La Uni\u00f3n Personal Auxiliar de Casas Particulares (UPACP) informa que se ha constituido la comisi\u00f3n paritaria para los trabajadores que se desempe\u00f1an como personal de casas particulares que se fijar\u00e1n el aumento salarian de 2015 entre el Misterio de Trabajo de la Naci\u00f3n, los sindicatos...\" \/>\n<meta property=\"og:url\" content=\"https:\/\/arv-argentina.com\/en\/personal-de-casas-particulares-apertura-de-paritarias-para-nuevas-escalas-salariales-a-partir-de-septiembre-de-2015\/\" \/>\n<meta property=\"og:site_name\" content=\"ARV Argentina | Alvarez Roperti Venegas Consultores Tributarios &amp; Auditores\" \/>\n<meta property=\"article:published_time\" content=\"2015-09-27T02:42:49+00:00\" \/>\n<meta property=\"article:modified_time\" content=\"2016-10-09T02:59:32+00:00\" \/>\n<meta property=\"og:image\" content=\"https:\/\/arv-argentina.com\/wp-content\/uploads\/2016\/10\/novedades.jpg\" \/>\n\t<meta property=\"og:image:width\" content=\"851\" \/>\n\t<meta property=\"og:image:height\" content=\"351\" \/>\n\t<meta property=\"og:image:type\" content=\"image\/jpeg\" \/>\n<meta name=\"author\" content=\"arvonline\" \/>\n<meta name=\"twitter:card\" content=\"summary_large_image\" \/>\n<meta name=\"twitter:label1\" content=\"Written by\" \/>\n\t<meta name=\"twitter:data1\" content=\"arvonline\" \/>\n\t<meta name=\"twitter:label2\" content=\"Est. reading time\" \/>\n\t<meta name=\"twitter:data2\" content=\"1 minute\" \/>\n<script type=\"application\/ld+json\" class=\"yoast-schema-graph\">{\"@context\":\"https:\\\/\\\/schema.org\",\"@graph\":[{\"@type\":\"Article\",\"@id\":\"https:\\\/\\\/arv-argentina.com\\\/personal-de-casas-particulares-apertura-de-paritarias-para-nuevas-escalas-salariales-a-partir-de-septiembre-de-2015\\\/#article\",\"isPartOf\":{\"@id\":\"https:\\\/\\\/arv-argentina.com\\\/personal-de-casas-particulares-apertura-de-paritarias-para-nuevas-escalas-salariales-a-partir-de-septiembre-de-2015\\\/\"},\"author\":{\"name\":\"arvonline\",\"@id\":\"https:\\\/\\\/arv-argentina.com\\\/#\\\/schema\\\/person\\\/b815cf94bd4970ab5da59116912fd46a\"},\"headline\":\"PERSONAL DE CASAS PARTICULARES, APERTURA DE PARITARIAS PARA NUEVAS ESCALAS SALARIALES A PARTIR DE SEPTIEMBRE DE 2015\",\"datePublished\":\"2015-09-27T02:42:49+00:00\",\"dateModified\":\"2016-10-09T02:59:32+00:00\",\"mainEntityOfPage\":{\"@id\":\"https:\\\/\\\/arv-argentina.com\\\/personal-de-casas-particulares-apertura-de-paritarias-para-nuevas-escalas-salariales-a-partir-de-septiembre-de-2015\\\/\"},\"wordCount\":116,\"publisher\":{\"@id\":\"https:\\\/\\\/arv-argentina.com\\\/#organization\"},\"image\":{\"@id\":\"https:\\\/\\\/arv-argentina.com\\\/personal-de-casas-particulares-apertura-de-paritarias-para-nuevas-escalas-salariales-a-partir-de-septiembre-de-2015\\\/#primaryimage\"},\"thumbnailUrl\":\"https:\\\/\\\/arv-argentina.com\\\/wp-content\\\/uploads\\\/2016\\\/10\\\/novedades.jpg\",\"articleSection\":[\"Novedades\"],\"inLanguage\":\"en-US\"},{\"@type\":\"WebPage\",\"@id\":\"https:\\\/\\\/arv-argentina.com\\\/en\\\/personal-de-casas-particulares-apertura-de-paritarias-para-nuevas-escalas-salariales-a-partir-de-septiembre-de-2015\\\/\",\"url\":\"https:\\\/\\\/arv-argentina.com\\\/en\\\/personal-de-casas-particulares-apertura-de-paritarias-para-nuevas-escalas-salariales-a-partir-de-septiembre-de-2015\\\/\",\"name\":\"PERSONAL DE CASAS PARTICULARES, APERTURA DE PARITARIAS PARA NUEVAS ESCALAS SALARIALES A PARTIR DE SEPTIEMBRE DE 2015 - ARV Argentina | Alvarez Roperti Venegas Consultores Tributarios &amp; Auditores\",\"isPartOf\":{\"@id\":\"https:\\\/\\\/arv-argentina.com\\\/en\\\/#website\"},\"primaryImageOfPage\":{\"@id\":\"https:\\\/\\\/arv-argentina.com\\\/en\\\/personal-de-casas-particulares-apertura-de-paritarias-para-nuevas-escalas-salariales-a-partir-de-septiembre-de-2015\\\/#primaryimage\"},\"image\":{\"@id\":\"https:\\\/\\\/arv-argentina.com\\\/personal-de-casas-particulares-apertura-de-paritarias-para-nuevas-escalas-salariales-a-partir-de-septiembre-de-2015\\\/#primaryimage\"},\"thumbnailUrl\":\"https:\\\/\\\/arv-argentina.com\\\/wp-content\\\/uploads\\\/2016\\\/10\\\/novedades.jpg\",\"datePublished\":\"2015-09-27T02:42:49+00:00\",\"dateModified\":\"2016-10-09T02:59:32+00:00\",\"breadcrumb\":{\"@id\":\"https:\\\/\\\/arv-argentina.com\\\/en\\\/personal-de-casas-particulares-apertura-de-paritarias-para-nuevas-escalas-salariales-a-partir-de-septiembre-de-2015\\\/#breadcrumb\"},\"inLanguage\":\"en-US\",\"potentialAction\":[{\"@type\":\"ReadAction\",\"target\":[[\"https:\\\/\\\/arv-argentina.com\\\/en\\\/personal-de-casas-particulares-apertura-de-paritarias-para-nuevas-escalas-salariales-a-partir-de-septiembre-de-2015\\\/\"]]}]},{\"@type\":\"ImageObject\",\"inLanguage\":\"en-US\",\"@id\":\"https:\\\/\\\/arv-argentina.com\\\/en\\\/personal-de-casas-particulares-apertura-de-paritarias-para-nuevas-escalas-salariales-a-partir-de-septiembre-de-2015\\\/#primaryimage\",\"url\":\"https:\\\/\\\/arv-argentina.com\\\/wp-content\\\/uploads\\\/2016\\\/10\\\/novedades.jpg\",\"contentUrl\":\"https:\\\/\\\/arv-argentina.com\\\/wp-content\\\/uploads\\\/2016\\\/10\\\/novedades.jpg\",\"width\":851,\"height\":351},{\"@type\":\"BreadcrumbList\",\"@id\":\"https:\\\/\\\/arv-argentina.com\\\/en\\\/personal-de-casas-particulares-apertura-de-paritarias-para-nuevas-escalas-salariales-a-partir-de-septiembre-de-2015\\\/#breadcrumb\",\"itemListElement\":[{\"@type\":\"ListItem\",\"position\":1,\"name\":\"Portada\",\"item\":\"https:\\\/\\\/arv-argentina.com\\\/en\\\/\"},{\"@type\":\"ListItem\",\"position\":2,\"name\":\"PERSONAL DE CASAS PARTICULARES, APERTURA DE PARITARIAS PARA NUEVAS ESCALAS SALARIALES A PARTIR DE SEPTIEMBRE DE 2015\"}]},{\"@type\":\"WebSite\",\"@id\":\"https:\\\/\\\/arv-argentina.com\\\/en\\\/#website\",\"url\":\"https:\\\/\\\/arv-argentina.com\\\/en\\\/\",\"name\":\"ARV Argentina | Alvarez Roperti Venegas Consultores Tributarios &amp; Auditores\",\"description\":\"Especialistas en Consultor\u00eda Tributaria y Auditor\u00edaEspecialistas en consultor\u00eda Tributaria y Auditor\u00eda\",\"publisher\":{\"@id\":\"https:\\\/\\\/arv-argentina.com\\\/en\\\/#organization\"},\"potentialAction\":[{\"@type\":\"SearchAction\",\"target\":{\"@type\":\"EntryPoint\",\"urlTemplate\":\"https:\\\/\\\/arv-argentina.com\\\/en\\\/?s={search_term_string}\"},\"query-input\":{\"@type\":\"PropertyValueSpecification\",\"valueRequired\":true,\"valueName\":\"search_term_string\"}}],\"inLanguage\":\"en-US\"},{\"@type\":\"Organization\",\"@id\":\"https:\\\/\\\/arv-argentina.com\\\/en\\\/#organization\",\"name\":\"ARV Argentina\",\"url\":\"https:\\\/\\\/arv-argentina.com\\\/en\\\/\",\"logo\":{\"@type\":\"ImageObject\",\"inLanguage\":\"en-US\",\"@id\":\"https:\\\/\\\/arv-argentina.com\\\/en\\\/#\\\/schema\\\/logo\\\/image\\\/\",\"url\":\"http:\\\/\\\/arv-argentina.com\\\/wp-content\\\/uploads\\\/2016\\\/10\\\/arv-logo-head1.png\",\"contentUrl\":\"http:\\\/\\\/arv-argentina.com\\\/wp-content\\\/uploads\\\/2016\\\/10\\\/arv-logo-head1.png\",\"width\":133,\"height\":54,\"caption\":\"ARV Argentina\"},\"image\":{\"@id\":\"https:\\\/\\\/arv-argentina.com\\\/en\\\/#\\\/schema\\\/logo\\\/image\\\/\"}},{\"@type\":\"Person\",\"@id\":\"https:\\\/\\\/arv-argentina.com\\\/#\\\/schema\\\/person\\\/b815cf94bd4970ab5da59116912fd46a\",\"name\":\"arvonline\"}]}<\/script>\n<!-- \/ Yoast SEO plugin. -->","yoast_head_json":{"title":"PERSONAL DE CASAS PARTICULARES, APERTURA DE PARITARIAS PARA NUEVAS ESCALAS SALARIALES A PARTIR DE SEPTIEMBRE DE 2015 - ARV Argentina | Alvarez Roperti Venegas Consultores Tributarios &amp; Auditores","robots":{"index":"index","follow":"follow","max-snippet":"max-snippet:-1","max-image-preview":"max-image-preview:large","max-video-preview":"max-video-preview:-1"},"canonical":"https:\/\/arv-argentina.com\/en\/personal-de-casas-particulares-apertura-de-paritarias-para-nuevas-escalas-salariales-a-partir-de-septiembre-de-2015\/","og_locale":"en_US","og_type":"article","og_title":"PERSONAL DE CASAS PARTICULARES, APERTURA DE PARITARIAS PARA NUEVAS ESCALAS SALARIALES A PARTIR DE SEPTIEMBRE DE 2015 - ARV Argentina | Alvarez Roperti Venegas Consultores Tributarios &amp; Auditores","og_description":"La Uni\u00f3n Personal Auxiliar de Casas Particulares (UPACP) informa que se ha constituido la comisi\u00f3n paritaria para los trabajadores que se desempe\u00f1an como personal de casas particulares que se fijar\u00e1n el aumento salarian de 2015 entre el Misterio de Trabajo de la Naci\u00f3n, los sindicatos...","og_url":"https:\/\/arv-argentina.com\/en\/personal-de-casas-particulares-apertura-de-paritarias-para-nuevas-escalas-salariales-a-partir-de-septiembre-de-2015\/","og_site_name":"ARV Argentina | Alvarez Roperti Venegas Consultores Tributarios &amp; Auditores","article_published_time":"2015-09-27T02:42:49+00:00","article_modified_time":"2016-10-09T02:59:32+00:00","og_image":[{"width":851,"height":351,"url":"https:\/\/arv-argentina.com\/wp-content\/uploads\/2016\/10\/novedades.jpg","type":"image\/jpeg"}],"author":"arvonline","twitter_card":"summary_large_image","twitter_misc":{"Written by":"arvonline","Est. reading time":"1 minute"},"schema":{"@context":"https:\/\/schema.org","@graph":[{"@type":"Article","@id":"https:\/\/arv-argentina.com\/personal-de-casas-particulares-apertura-de-paritarias-para-nuevas-escalas-salariales-a-partir-de-septiembre-de-2015\/#article","isPartOf":{"@id":"https:\/\/arv-argentina.com\/personal-de-casas-particulares-apertura-de-paritarias-para-nuevas-escalas-salariales-a-partir-de-septiembre-de-2015\/"},"author":{"name":"arvonline","@id":"https:\/\/arv-argentina.com\/#\/schema\/person\/b815cf94bd4970ab5da59116912fd46a"},"headline":"PERSONAL DE CASAS PARTICULARES, APERTURA DE PARITARIAS PARA NUEVAS ESCALAS SALARIALES A PARTIR DE SEPTIEMBRE DE 2015","datePublished":"2015-09-27T02:42:49+00:00","dateModified":"2016-10-09T02:59:32+00:00","mainEntityOfPage":{"@id":"https:\/\/arv-argentina.com\/personal-de-casas-particulares-apertura-de-paritarias-para-nuevas-escalas-salariales-a-partir-de-septiembre-de-2015\/"},"wordCount":116,"publisher":{"@id":"https:\/\/arv-argentina.com\/#organization"},"image":{"@id":"https:\/\/arv-argentina.com\/personal-de-casas-particulares-apertura-de-paritarias-para-nuevas-escalas-salariales-a-partir-de-septiembre-de-2015\/#primaryimage"},"thumbnailUrl":"https:\/\/arv-argentina.com\/wp-content\/uploads\/2016\/10\/novedades.jpg","articleSection":["Novedades"],"inLanguage":"en-US"},{"@type":"WebPage","@id":"https:\/\/arv-argentina.com\/en\/personal-de-casas-particulares-apertura-de-paritarias-para-nuevas-escalas-salariales-a-partir-de-septiembre-de-2015\/","url":"https:\/\/arv-argentina.com\/en\/personal-de-casas-particulares-apertura-de-paritarias-para-nuevas-escalas-salariales-a-partir-de-septiembre-de-2015\/","name":"PERSONAL DE CASAS PARTICULARES, APERTURA DE PARITARIAS PARA NUEVAS ESCALAS SALARIALES A PARTIR DE SEPTIEMBRE DE 2015 - ARV Argentina | Alvarez Roperti Venegas Consultores Tributarios &amp; Auditores","isPartOf":{"@id":"https:\/\/arv-argentina.com\/en\/#website"},"primaryImageOfPage":{"@id":"https:\/\/arv-argentina.com\/en\/personal-de-casas-particulares-apertura-de-paritarias-para-nuevas-escalas-salariales-a-partir-de-septiembre-de-2015\/#primaryimage"},"image":{"@id":"https:\/\/arv-argentina.com\/personal-de-casas-particulares-apertura-de-paritarias-para-nuevas-escalas-salariales-a-partir-de-septiembre-de-2015\/#primaryimage"},"thumbnailUrl":"https:\/\/arv-argentina.com\/wp-content\/uploads\/2016\/10\/novedades.jpg","datePublished":"2015-09-27T02:42:49+00:00","dateModified":"2016-10-09T02:59:32+00:00","breadcrumb":{"@id":"https:\/\/arv-argentina.com\/en\/personal-de-casas-particulares-apertura-de-paritarias-para-nuevas-escalas-salariales-a-partir-de-septiembre-de-2015\/#breadcrumb"},"inLanguage":"en-US","potentialAction":[{"@type":"ReadAction","target":[["https:\/\/arv-argentina.com\/en\/personal-de-casas-particulares-apertura-de-paritarias-para-nuevas-escalas-salariales-a-partir-de-septiembre-de-2015\/"]]}]},{"@type":"ImageObject","inLanguage":"en-US","@id":"https:\/\/arv-argentina.com\/en\/personal-de-casas-particulares-apertura-de-paritarias-para-nuevas-escalas-salariales-a-partir-de-septiembre-de-2015\/#primaryimage","url":"https:\/\/arv-argentina.com\/wp-content\/uploads\/2016\/10\/novedades.jpg","contentUrl":"https:\/\/arv-argentina.com\/wp-content\/uploads\/2016\/10\/novedades.jpg","width":851,"height":351},{"@type":"BreadcrumbList","@id":"https:\/\/arv-argentina.com\/en\/personal-de-casas-particulares-apertura-de-paritarias-para-nuevas-escalas-salariales-a-partir-de-septiembre-de-2015\/#breadcrumb","itemListElement":[{"@type":"ListItem","position":1,"name":"Portada","item":"https:\/\/arv-argentina.com\/en\/"},{"@type":"ListItem","position":2,"name":"PERSONAL DE CASAS PARTICULARES, APERTURA DE PARITARIAS PARA NUEVAS ESCALAS SALARIALES A PARTIR DE SEPTIEMBRE DE 2015"}]},{"@type":"WebSite","@id":"https:\/\/arv-argentina.com\/en\/#website","url":"https:\/\/arv-argentina.com\/en\/","name":"ARV Argentina | Alvarez Roperti Venegas Consultores Tributarios &amp; Auditores","description":"Especialistas en Consultor\u00eda Tributaria y Auditor\u00edaEspecialistas en consultor\u00eda Tributaria y Auditor\u00eda","publisher":{"@id":"https:\/\/arv-argentina.com\/en\/#organization"},"potentialAction":[{"@type":"SearchAction","target":{"@type":"EntryPoint","urlTemplate":"https:\/\/arv-argentina.com\/en\/?s={search_term_string}"},"query-input":{"@type":"PropertyValueSpecification","valueRequired":true,"valueName":"search_term_string"}}],"inLanguage":"en-US"},{"@type":"Organization","@id":"https:\/\/arv-argentina.com\/en\/#organization","name":"ARV Argentina","url":"https:\/\/arv-argentina.com\/en\/","logo":{"@type":"ImageObject","inLanguage":"en-US","@id":"https:\/\/arv-argentina.com\/en\/#\/schema\/logo\/image\/","url":"http:\/\/arv-argentina.com\/wp-content\/uploads\/2016\/10\/arv-logo-head1.png","contentUrl":"http:\/\/arv-argentina.com\/wp-content\/uploads\/2016\/10\/arv-logo-head1.png","width":133,"height":54,"caption":"ARV Argentina"},"image":{"@id":"https:\/\/arv-argentina.com\/en\/#\/schema\/logo\/image\/"}},{"@type":"Person","@id":"https:\/\/arv-argentina.com\/#\/schema\/person\/b815cf94bd4970ab5da59116912fd46a","name":"arvonline"}]}},"_links":{"self":[{"href":"https:\/\/arv-argentina.com\/en\/wp-json\/wp\/v2\/posts\/16264","targetHints":{"allow":["GET"]}}],"collection":[{"href":"https:\/\/arv-argentina.com\/en\/wp-json\/wp\/v2\/posts"}],"about":[{"href":"https:\/\/arv-argentina.com\/en\/wp-json\/wp\/v2\/types\/post"}],"author":[{"embeddable":true,"href":"https:\/\/arv-argentina.com\/en\/wp-json\/wp\/v2\/users\/1"}],"replies":[{"embeddable":true,"href":"https:\/\/arv-argentina.com\/en\/wp-json\/wp\/v2\/comments?post=16264"}],"version-history":[{"count":1,"href":"https:\/\/arv-argentina.com\/en\/wp-json\/wp\/v2\/posts\/16264\/revisions"}],"predecessor-version":[{"id":16265,"href":"https:\/\/arv-argentina.com\/en\/wp-json\/wp\/v2\/posts\/16264\/revisions\/16265"}],"wp:featuredmedia":[{"embeddable":true,"href":"https:\/\/arv-argentina.com\/en\/wp-json\/wp\/v2\/media\/16154"}],"wp:attachment":[{"href":"https:\/\/arv-argentina.com\/en\/wp-json\/wp\/v2\/media?parent=16264"}],"wp:term":[{"taxonomy":"category","embeddable":true,"href":"https:\/\/arv-argentina.com\/en\/wp-json\/wp\/v2\/categories?post=16264"},{"taxonomy":"post_tag","embeddable":true,"href":"https:\/\/arv-argentina.com\/en\/wp-json\/wp\/v2\/tags?post=16264"}],"curies":[{"name":"wp","href":"https:\/\/api.w.org\/{rel}","templated":true}]}}