{"id":16266,"date":"2015-10-06T00:03:05","date_gmt":"2015-10-06T03:03:05","guid":{"rendered":"http:\/\/arvargen-cp514.wordpresstemporal.com\/?p=16266"},"modified":"2016-10-09T00:07:00","modified_gmt":"2016-10-09T03:07:00","slug":"autonomos-incrementos-de-los-aportes-a-partir-del-devengado-septiembre-de-2015","status":"publish","type":"post","link":"https:\/\/arv-argentina.com\/es\/autonomos-incrementos-de-los-aportes-a-partir-del-devengado-septiembre-de-2015\/","title":{"rendered":"Aut\u00f3nomos. Incrementos de los aportes a partir del devengado Septiembre de 2015"},"content":{"rendered":"<p>&nbsp;<\/p>\n<p>Recordamos que a partir del mes devengado Septiembre de 2015 (con vencimiento durante el corriente mes), se incrementa el aporte de los trabajadores aunt\u00f3nomos con detino de la Seguridad Social, a ra\u00edz de la aplicaci\u00f3n del \u00edndice de movilidad dispuesto por la ley 26417.<\/p>\n<p>Cabe mencionar que el citado esquema de movilidad jubilatoria dispone dispone que los haberes previsionales de actualicen cada 6 meses, y con ello, se ajusta en la misma proporci\u00f3n la renta presunta de los aut\u00f3n.<\/p>\n","protected":false},"excerpt":{"rendered":"<p>&nbsp; Recordamos que a partir del mes devengado Septiembre de 2015 (con vencimiento durante el corriente mes), se incrementa el aporte de los trabajadores aunt\u00f3nomos con detino de la Seguridad Social, a ra\u00edz de la aplicaci\u00f3n del \u00edndice de movilidad dispuesto por la ley 26417&#8230;.<\/p>\n","protected":false},"author":1,"featured_media":16154,"comment_status":"closed","ping_status":"open","sticky":false,"template":"","format":"standard","meta":{"footnotes":""},"categories":[61],"tags":[],"class_list":["post-16266","post","type-post","status-publish","format-standard","has-post-thumbnail","hentry","category-novedades"],"yoast_head":"<!-- This site is optimized with the Yoast SEO plugin v27.4 - https:\/\/yoast.com\/product\/yoast-seo-wordpress\/ -->\n<title>Aut\u00f3nomos. Incrementos de los aportes a partir del devengado Septiembre de 2015 - ARV Argentina | Alvarez Roperti Venegas Consultores Tributarios &amp; Auditores<\/title>\n<meta name=\"robots\" content=\"index, follow, max-snippet:-1, max-image-preview:large, max-video-preview:-1\" \/>\n<link rel=\"canonical\" href=\"https:\/\/arv-argentina.com\/es\/autonomos-incrementos-de-los-aportes-a-partir-del-devengado-septiembre-de-2015\/\" \/>\n<meta property=\"og:locale\" content=\"es_ES\" \/>\n<meta property=\"og:type\" content=\"article\" \/>\n<meta property=\"og:title\" content=\"Aut\u00f3nomos. Incrementos de los aportes a partir del devengado Septiembre de 2015 - ARV Argentina | Alvarez Roperti Venegas Consultores Tributarios &amp; Auditores\" \/>\n<meta property=\"og:description\" content=\"&nbsp; Recordamos que a partir del mes devengado Septiembre de 2015 (con vencimiento durante el corriente mes), se incrementa el aporte de los trabajadores aunt\u00f3nomos con detino de la Seguridad Social, a ra\u00edz de la aplicaci\u00f3n del \u00edndice de movilidad dispuesto por la ley 26417....\" \/>\n<meta property=\"og:url\" content=\"https:\/\/arv-argentina.com\/es\/autonomos-incrementos-de-los-aportes-a-partir-del-devengado-septiembre-de-2015\/\" \/>\n<meta property=\"og:site_name\" content=\"ARV Argentina | Alvarez Roperti Venegas Consultores Tributarios &amp; Auditores\" \/>\n<meta property=\"article:published_time\" content=\"2015-10-06T03:03:05+00:00\" \/>\n<meta property=\"article:modified_time\" content=\"2016-10-09T03:07:00+00:00\" \/>\n<meta property=\"og:image\" content=\"https:\/\/arv-argentina.com\/wp-content\/uploads\/2016\/10\/novedades.jpg\" \/>\n\t<meta property=\"og:image:width\" content=\"851\" \/>\n\t<meta property=\"og:image:height\" content=\"351\" \/>\n\t<meta property=\"og:image:type\" content=\"image\/jpeg\" \/>\n<meta name=\"author\" content=\"arvonline\" \/>\n<meta name=\"twitter:card\" content=\"summary_large_image\" \/>\n<meta name=\"twitter:label1\" content=\"Escrito por\" \/>\n\t<meta name=\"twitter:data1\" content=\"arvonline\" \/>\n<script type=\"application\/ld+json\" class=\"yoast-schema-graph\">{\"@context\":\"https:\\\/\\\/schema.org\",\"@graph\":[{\"@type\":\"Article\",\"@id\":\"https:\\\/\\\/arv-argentina.com\\\/autonomos-incrementos-de-los-aportes-a-partir-del-devengado-septiembre-de-2015\\\/#article\",\"isPartOf\":{\"@id\":\"https:\\\/\\\/arv-argentina.com\\\/autonomos-incrementos-de-los-aportes-a-partir-del-devengado-septiembre-de-2015\\\/\"},\"author\":{\"name\":\"arvonline\",\"@id\":\"https:\\\/\\\/arv-argentina.com\\\/#\\\/schema\\\/person\\\/b815cf94bd4970ab5da59116912fd46a\"},\"headline\":\"Aut\u00f3nomos. Incrementos de los aportes a partir del devengado Septiembre de 2015\",\"datePublished\":\"2015-10-06T03:03:05+00:00\",\"dateModified\":\"2016-10-09T03:07:00+00:00\",\"mainEntityOfPage\":{\"@id\":\"https:\\\/\\\/arv-argentina.com\\\/autonomos-incrementos-de-los-aportes-a-partir-del-devengado-septiembre-de-2015\\\/\"},\"wordCount\":94,\"publisher\":{\"@id\":\"https:\\\/\\\/arv-argentina.com\\\/#organization\"},\"image\":{\"@id\":\"https:\\\/\\\/arv-argentina.com\\\/autonomos-incrementos-de-los-aportes-a-partir-del-devengado-septiembre-de-2015\\\/#primaryimage\"},\"thumbnailUrl\":\"https:\\\/\\\/arv-argentina.com\\\/wp-content\\\/uploads\\\/2016\\\/10\\\/novedades.jpg\",\"articleSection\":[\"Novedades\"],\"inLanguage\":\"es\"},{\"@type\":\"WebPage\",\"@id\":\"https:\\\/\\\/arv-argentina.com\\\/es\\\/autonomos-incrementos-de-los-aportes-a-partir-del-devengado-septiembre-de-2015\\\/\",\"url\":\"https:\\\/\\\/arv-argentina.com\\\/es\\\/autonomos-incrementos-de-los-aportes-a-partir-del-devengado-septiembre-de-2015\\\/\",\"name\":\"Aut\u00f3nomos. Incrementos de los aportes a partir del devengado Septiembre de 2015 - ARV Argentina | Alvarez Roperti Venegas Consultores Tributarios &amp; Auditores\",\"isPartOf\":{\"@id\":\"https:\\\/\\\/arv-argentina.com\\\/es\\\/#website\"},\"primaryImageOfPage\":{\"@id\":\"https:\\\/\\\/arv-argentina.com\\\/es\\\/autonomos-incrementos-de-los-aportes-a-partir-del-devengado-septiembre-de-2015\\\/#primaryimage\"},\"image\":{\"@id\":\"https:\\\/\\\/arv-argentina.com\\\/autonomos-incrementos-de-los-aportes-a-partir-del-devengado-septiembre-de-2015\\\/#primaryimage\"},\"thumbnailUrl\":\"https:\\\/\\\/arv-argentina.com\\\/wp-content\\\/uploads\\\/2016\\\/10\\\/novedades.jpg\",\"datePublished\":\"2015-10-06T03:03:05+00:00\",\"dateModified\":\"2016-10-09T03:07:00+00:00\",\"breadcrumb\":{\"@id\":\"https:\\\/\\\/arv-argentina.com\\\/es\\\/autonomos-incrementos-de-los-aportes-a-partir-del-devengado-septiembre-de-2015\\\/#breadcrumb\"},\"inLanguage\":\"es\",\"potentialAction\":[{\"@type\":\"ReadAction\",\"target\":[[\"https:\\\/\\\/arv-argentina.com\\\/es\\\/autonomos-incrementos-de-los-aportes-a-partir-del-devengado-septiembre-de-2015\\\/\"]]}]},{\"@type\":\"ImageObject\",\"inLanguage\":\"es\",\"@id\":\"https:\\\/\\\/arv-argentina.com\\\/es\\\/autonomos-incrementos-de-los-aportes-a-partir-del-devengado-septiembre-de-2015\\\/#primaryimage\",\"url\":\"https:\\\/\\\/arv-argentina.com\\\/wp-content\\\/uploads\\\/2016\\\/10\\\/novedades.jpg\",\"contentUrl\":\"https:\\\/\\\/arv-argentina.com\\\/wp-content\\\/uploads\\\/2016\\\/10\\\/novedades.jpg\",\"width\":851,\"height\":351},{\"@type\":\"BreadcrumbList\",\"@id\":\"https:\\\/\\\/arv-argentina.com\\\/es\\\/autonomos-incrementos-de-los-aportes-a-partir-del-devengado-septiembre-de-2015\\\/#breadcrumb\",\"itemListElement\":[{\"@type\":\"ListItem\",\"position\":1,\"name\":\"Portada\",\"item\":\"https:\\\/\\\/arv-argentina.com\\\/es\\\/\"},{\"@type\":\"ListItem\",\"position\":2,\"name\":\"Aut\u00f3nomos. Incrementos de los aportes a partir del devengado Septiembre de 2015\"}]},{\"@type\":\"WebSite\",\"@id\":\"https:\\\/\\\/arv-argentina.com\\\/es\\\/#website\",\"url\":\"https:\\\/\\\/arv-argentina.com\\\/es\\\/\",\"name\":\"ARV Argentina | Alvarez Roperti Venegas Consultores Tributarios &amp; Auditores\",\"description\":\"Especialistas en Consultor\u00eda Tributaria y Auditor\u00edaEspecialistas en consultor\u00eda Tributaria y Auditor\u00eda\",\"publisher\":{\"@id\":\"https:\\\/\\\/arv-argentina.com\\\/es\\\/#organization\"},\"potentialAction\":[{\"@type\":\"SearchAction\",\"target\":{\"@type\":\"EntryPoint\",\"urlTemplate\":\"https:\\\/\\\/arv-argentina.com\\\/es\\\/?s={search_term_string}\"},\"query-input\":{\"@type\":\"PropertyValueSpecification\",\"valueRequired\":true,\"valueName\":\"search_term_string\"}}],\"inLanguage\":\"es\"},{\"@type\":\"Organization\",\"@id\":\"https:\\\/\\\/arv-argentina.com\\\/es\\\/#organization\",\"name\":\"ARV Argentina\",\"url\":\"https:\\\/\\\/arv-argentina.com\\\/es\\\/\",\"logo\":{\"@type\":\"ImageObject\",\"inLanguage\":\"es\",\"@id\":\"https:\\\/\\\/arv-argentina.com\\\/es\\\/#\\\/schema\\\/logo\\\/image\\\/\",\"url\":\"http:\\\/\\\/arv-argentina.com\\\/wp-content\\\/uploads\\\/2016\\\/10\\\/arv-logo-head1.png\",\"contentUrl\":\"http:\\\/\\\/arv-argentina.com\\\/wp-content\\\/uploads\\\/2016\\\/10\\\/arv-logo-head1.png\",\"width\":133,\"height\":54,\"caption\":\"ARV Argentina\"},\"image\":{\"@id\":\"https:\\\/\\\/arv-argentina.com\\\/es\\\/#\\\/schema\\\/logo\\\/image\\\/\"}},{\"@type\":\"Person\",\"@id\":\"https:\\\/\\\/arv-argentina.com\\\/#\\\/schema\\\/person\\\/b815cf94bd4970ab5da59116912fd46a\",\"name\":\"arvonline\"}]}<\/script>\n<!-- \/ Yoast SEO plugin. -->","yoast_head_json":{"title":"Aut\u00f3nomos. Incrementos de los aportes a partir del devengado Septiembre de 2015 - ARV Argentina | Alvarez Roperti Venegas Consultores Tributarios &amp; Auditores","robots":{"index":"index","follow":"follow","max-snippet":"max-snippet:-1","max-image-preview":"max-image-preview:large","max-video-preview":"max-video-preview:-1"},"canonical":"https:\/\/arv-argentina.com\/es\/autonomos-incrementos-de-los-aportes-a-partir-del-devengado-septiembre-de-2015\/","og_locale":"es_ES","og_type":"article","og_title":"Aut\u00f3nomos. Incrementos de los aportes a partir del devengado Septiembre de 2015 - ARV Argentina | Alvarez Roperti Venegas Consultores Tributarios &amp; Auditores","og_description":"&nbsp; Recordamos que a partir del mes devengado Septiembre de 2015 (con vencimiento durante el corriente mes), se incrementa el aporte de los trabajadores aunt\u00f3nomos con detino de la Seguridad Social, a ra\u00edz de la aplicaci\u00f3n del \u00edndice de movilidad dispuesto por la ley 26417....","og_url":"https:\/\/arv-argentina.com\/es\/autonomos-incrementos-de-los-aportes-a-partir-del-devengado-septiembre-de-2015\/","og_site_name":"ARV Argentina | Alvarez Roperti Venegas Consultores Tributarios &amp; Auditores","article_published_time":"2015-10-06T03:03:05+00:00","article_modified_time":"2016-10-09T03:07:00+00:00","og_image":[{"width":851,"height":351,"url":"https:\/\/arv-argentina.com\/wp-content\/uploads\/2016\/10\/novedades.jpg","type":"image\/jpeg"}],"author":"arvonline","twitter_card":"summary_large_image","twitter_misc":{"Escrito por":"arvonline"},"schema":{"@context":"https:\/\/schema.org","@graph":[{"@type":"Article","@id":"https:\/\/arv-argentina.com\/autonomos-incrementos-de-los-aportes-a-partir-del-devengado-septiembre-de-2015\/#article","isPartOf":{"@id":"https:\/\/arv-argentina.com\/autonomos-incrementos-de-los-aportes-a-partir-del-devengado-septiembre-de-2015\/"},"author":{"name":"arvonline","@id":"https:\/\/arv-argentina.com\/#\/schema\/person\/b815cf94bd4970ab5da59116912fd46a"},"headline":"Aut\u00f3nomos. Incrementos de los aportes a partir del devengado Septiembre de 2015","datePublished":"2015-10-06T03:03:05+00:00","dateModified":"2016-10-09T03:07:00+00:00","mainEntityOfPage":{"@id":"https:\/\/arv-argentina.com\/autonomos-incrementos-de-los-aportes-a-partir-del-devengado-septiembre-de-2015\/"},"wordCount":94,"publisher":{"@id":"https:\/\/arv-argentina.com\/#organization"},"image":{"@id":"https:\/\/arv-argentina.com\/autonomos-incrementos-de-los-aportes-a-partir-del-devengado-septiembre-de-2015\/#primaryimage"},"thumbnailUrl":"https:\/\/arv-argentina.com\/wp-content\/uploads\/2016\/10\/novedades.jpg","articleSection":["Novedades"],"inLanguage":"es"},{"@type":"WebPage","@id":"https:\/\/arv-argentina.com\/es\/autonomos-incrementos-de-los-aportes-a-partir-del-devengado-septiembre-de-2015\/","url":"https:\/\/arv-argentina.com\/es\/autonomos-incrementos-de-los-aportes-a-partir-del-devengado-septiembre-de-2015\/","name":"Aut\u00f3nomos. Incrementos de los aportes a partir del devengado Septiembre de 2015 - ARV Argentina | Alvarez Roperti Venegas Consultores Tributarios &amp; Auditores","isPartOf":{"@id":"https:\/\/arv-argentina.com\/es\/#website"},"primaryImageOfPage":{"@id":"https:\/\/arv-argentina.com\/es\/autonomos-incrementos-de-los-aportes-a-partir-del-devengado-septiembre-de-2015\/#primaryimage"},"image":{"@id":"https:\/\/arv-argentina.com\/autonomos-incrementos-de-los-aportes-a-partir-del-devengado-septiembre-de-2015\/#primaryimage"},"thumbnailUrl":"https:\/\/arv-argentina.com\/wp-content\/uploads\/2016\/10\/novedades.jpg","datePublished":"2015-10-06T03:03:05+00:00","dateModified":"2016-10-09T03:07:00+00:00","breadcrumb":{"@id":"https:\/\/arv-argentina.com\/es\/autonomos-incrementos-de-los-aportes-a-partir-del-devengado-septiembre-de-2015\/#breadcrumb"},"inLanguage":"es","potentialAction":[{"@type":"ReadAction","target":[["https:\/\/arv-argentina.com\/es\/autonomos-incrementos-de-los-aportes-a-partir-del-devengado-septiembre-de-2015\/"]]}]},{"@type":"ImageObject","inLanguage":"es","@id":"https:\/\/arv-argentina.com\/es\/autonomos-incrementos-de-los-aportes-a-partir-del-devengado-septiembre-de-2015\/#primaryimage","url":"https:\/\/arv-argentina.com\/wp-content\/uploads\/2016\/10\/novedades.jpg","contentUrl":"https:\/\/arv-argentina.com\/wp-content\/uploads\/2016\/10\/novedades.jpg","width":851,"height":351},{"@type":"BreadcrumbList","@id":"https:\/\/arv-argentina.com\/es\/autonomos-incrementos-de-los-aportes-a-partir-del-devengado-septiembre-de-2015\/#breadcrumb","itemListElement":[{"@type":"ListItem","position":1,"name":"Portada","item":"https:\/\/arv-argentina.com\/es\/"},{"@type":"ListItem","position":2,"name":"Aut\u00f3nomos. Incrementos de los aportes a partir del devengado Septiembre de 2015"}]},{"@type":"WebSite","@id":"https:\/\/arv-argentina.com\/es\/#website","url":"https:\/\/arv-argentina.com\/es\/","name":"ARV Argentina | Alvarez Roperti Venegas Consultores Tributarios &amp; Auditores","description":"Especialistas en Consultor\u00eda Tributaria y Auditor\u00edaEspecialistas en consultor\u00eda Tributaria y Auditor\u00eda","publisher":{"@id":"https:\/\/arv-argentina.com\/es\/#organization"},"potentialAction":[{"@type":"SearchAction","target":{"@type":"EntryPoint","urlTemplate":"https:\/\/arv-argentina.com\/es\/?s={search_term_string}"},"query-input":{"@type":"PropertyValueSpecification","valueRequired":true,"valueName":"search_term_string"}}],"inLanguage":"es"},{"@type":"Organization","@id":"https:\/\/arv-argentina.com\/es\/#organization","name":"ARV Argentina","url":"https:\/\/arv-argentina.com\/es\/","logo":{"@type":"ImageObject","inLanguage":"es","@id":"https:\/\/arv-argentina.com\/es\/#\/schema\/logo\/image\/","url":"http:\/\/arv-argentina.com\/wp-content\/uploads\/2016\/10\/arv-logo-head1.png","contentUrl":"http:\/\/arv-argentina.com\/wp-content\/uploads\/2016\/10\/arv-logo-head1.png","width":133,"height":54,"caption":"ARV Argentina"},"image":{"@id":"https:\/\/arv-argentina.com\/es\/#\/schema\/logo\/image\/"}},{"@type":"Person","@id":"https:\/\/arv-argentina.com\/#\/schema\/person\/b815cf94bd4970ab5da59116912fd46a","name":"arvonline"}]}},"_links":{"self":[{"href":"https:\/\/arv-argentina.com\/es\/wp-json\/wp\/v2\/posts\/16266","targetHints":{"allow":["GET"]}}],"collection":[{"href":"https:\/\/arv-argentina.com\/es\/wp-json\/wp\/v2\/posts"}],"about":[{"href":"https:\/\/arv-argentina.com\/es\/wp-json\/wp\/v2\/types\/post"}],"author":[{"embeddable":true,"href":"https:\/\/arv-argentina.com\/es\/wp-json\/wp\/v2\/users\/1"}],"replies":[{"embeddable":true,"href":"https:\/\/arv-argentina.com\/es\/wp-json\/wp\/v2\/comments?post=16266"}],"version-history":[{"count":1,"href":"https:\/\/arv-argentina.com\/es\/wp-json\/wp\/v2\/posts\/16266\/revisions"}],"predecessor-version":[{"id":16267,"href":"https:\/\/arv-argentina.com\/es\/wp-json\/wp\/v2\/posts\/16266\/revisions\/16267"}],"wp:featuredmedia":[{"embeddable":true,"href":"https:\/\/arv-argentina.com\/es\/wp-json\/wp\/v2\/media\/16154"}],"wp:attachment":[{"href":"https:\/\/arv-argentina.com\/es\/wp-json\/wp\/v2\/media?parent=16266"}],"wp:term":[{"taxonomy":"category","embeddable":true,"href":"https:\/\/arv-argentina.com\/es\/wp-json\/wp\/v2\/categories?post=16266"},{"taxonomy":"post_tag","embeddable":true,"href":"https:\/\/arv-argentina.com\/es\/wp-json\/wp\/v2\/tags?post=16266"}],"curies":[{"name":"wp","href":"https:\/\/api.w.org\/{rel}","templated":true}]}}