{"id":16654,"date":"2017-08-11T12:10:21","date_gmt":"2017-08-11T15:10:21","guid":{"rendered":"http:\/\/arv-argentina.com.cr1.toservers.com\/?p=16654"},"modified":"2017-08-11T12:11:02","modified_gmt":"2017-08-11T15:11:02","slug":"sintesis-informativa-30-2017","status":"publish","type":"post","link":"https:\/\/arv-argentina.com\/es\/sintesis-informativa-30-2017\/","title":{"rendered":"SINTESIS INFORMATIVA N\u00b0 30\/2017"},"content":{"rendered":"<p><\/p>\n<p style=\"text-align: justify;\"><strong>Trabajo y Previsi\u00f3n Social. R\u00e9gimen de Promoci\u00f3n de la Contrataci\u00f3n de Trabajo Registrado. Ley 26940 Empleadores hasta 80 Trabajadores. Prorroga. Decreto (P. E.) 638\/2017. B.O. 11\/08\/2017.<\/strong><\/p>\n<p>&nbsp;<\/p>\n<p style=\"text-align: justify;\">Se prorroga desde el 1 de agosto de 2017 y por el t\u00e9rmino de 12 meses el plazo establecido en el art\u00edculo 30 de la ley 26940 Titulo II Capitulo II.<\/p>\n<p style=\"text-align: justify;\">Se recuerda que el Art. 24 de esa ley establece el beneficio para los empleadores que tengan hasta ochenta (80) trabajadores, por un plazo de 24 meses contados a partir del mes de inicio de una nueva relaci\u00f3n laboral por tiempo indeterminado, exceptuando \u00fanicamente al contrato del trabajador temporario previsto Art. 18 de la ley 26.727 \u2013R\u00e9gimen de Trabajo Agrario- y consiste en una reducci\u00f3n de las contribuciones patronales de la seguridad social, excepto la correspondiente al Sistema de Obras Sociales y la cuota de Riesgos de Trabajo.<br \/>\nEl beneficio consiste, para los empleadores con una dotaci\u00f3n de personal de hasta quince (15) trabajadores, en que, durante los primeros doce (12) meses de la relaci\u00f3n laboral, no se ingresar\u00e1n las citadas contribuciones y, por los segundos doce (12) meses, se pagar\u00e1 el veinticinco por ciento (25%) de las mismas.<br \/>\nPara los empleadores que tengan entre diecis\u00e9is (16) y ochenta (80) trabajadores, el beneficio consistir\u00e1 en que durante los primeros veinticuatro (24) meses de la relaci\u00f3n laboral se ingresar\u00e1 el cincuenta por ciento (50%) de las citadas contribuciones.<\/p>\n<p>&nbsp;<\/p>\n<p>&nbsp;<\/p>\n<p>Ciudad Aut\u00f3noma de Buenos Aires, Agosto de 2017.<\/p>","protected":false},"excerpt":{"rendered":"<p>Trabajo y Previsi\u00f3n Social. R\u00e9gimen de Promoci\u00f3n de la Contrataci\u00f3n de Trabajo Registrado. Ley 26940 Empleadores hasta 80 Trabajadores. Prorroga. Decreto (P. E.) 638\/2017. B.O. 11\/08\/2017. &nbsp; Se prorroga desde el 1 de agosto de 2017 y por el t\u00e9rmino de 12 meses el plazo&#8230;<\/p>\n","protected":false},"author":1,"featured_media":0,"comment_status":"closed","ping_status":"open","sticky":false,"template":"","format":"standard","meta":{"footnotes":""},"categories":[62],"tags":[],"class_list":["post-16654","post","type-post","status-publish","format-standard","hentry","category-sintesis-informativas"],"yoast_head":"<!-- This site is optimized with the Yoast SEO plugin v27.4 - https:\/\/yoast.com\/product\/yoast-seo-wordpress\/ -->\n<title>Trabajo y Previsi\u00f3n Social. R\u00e9gimen de Promoci\u00f3n de la Contrataci\u00f3n de Trabajo Registrado. Ley 26940<\/title>\n<meta name=\"description\" content=\"Se prorroga desde el 1 de agosto de 2017 y por el t\u00e9rmino de 12 meses el plazo establecido en el art\u00edculo 30 de la ley 26940 Titulo II Capitulo II.\" \/>\n<meta name=\"robots\" content=\"index, follow, max-snippet:-1, max-image-preview:large, max-video-preview:-1\" \/>\n<link rel=\"canonical\" href=\"https:\/\/arv-argentina.com\/es\/sintesis-informativa-30-2017\/\" \/>\n<meta property=\"og:locale\" content=\"es_ES\" \/>\n<meta property=\"og:type\" content=\"article\" \/>\n<meta property=\"og:title\" content=\"Trabajo y Previsi\u00f3n Social. R\u00e9gimen de Promoci\u00f3n de la Contrataci\u00f3n de Trabajo Registrado. Ley 26940\" \/>\n<meta property=\"og:description\" content=\"Se prorroga desde el 1 de agosto de 2017 y por el t\u00e9rmino de 12 meses el plazo establecido en el art\u00edculo 30 de la ley 26940 Titulo II Capitulo II.\" \/>\n<meta property=\"og:url\" content=\"https:\/\/arv-argentina.com\/es\/sintesis-informativa-30-2017\/\" \/>\n<meta property=\"og:site_name\" content=\"ARV Argentina | Alvarez Roperti Venegas Consultores Tributarios &amp; Auditores\" \/>\n<meta property=\"article:published_time\" content=\"2017-08-11T15:10:21+00:00\" \/>\n<meta property=\"article:modified_time\" content=\"2017-08-11T15:11:02+00:00\" \/>\n<meta name=\"author\" content=\"arvonline\" \/>\n<meta name=\"twitter:card\" content=\"summary_large_image\" \/>\n<meta name=\"twitter:label1\" content=\"Escrito por\" \/>\n\t<meta name=\"twitter:data1\" content=\"arvonline\" \/>\n\t<meta name=\"twitter:label2\" content=\"Tiempo de lectura\" \/>\n\t<meta name=\"twitter:data2\" content=\"1 minuto\" \/>\n<script type=\"application\/ld+json\" class=\"yoast-schema-graph\">{\"@context\":\"https:\\\/\\\/schema.org\",\"@graph\":[{\"@type\":\"Article\",\"@id\":\"https:\\\/\\\/arv-argentina.com\\\/sintesis-informativa-30-2017\\\/#article\",\"isPartOf\":{\"@id\":\"https:\\\/\\\/arv-argentina.com\\\/sintesis-informativa-30-2017\\\/\"},\"author\":{\"name\":\"arvonline\",\"@id\":\"https:\\\/\\\/arv-argentina.com\\\/#\\\/schema\\\/person\\\/b815cf94bd4970ab5da59116912fd46a\"},\"headline\":\"SINTESIS INFORMATIVA N\u00b0 30\\\/2017\",\"datePublished\":\"2017-08-11T15:10:21+00:00\",\"dateModified\":\"2017-08-11T15:11:02+00:00\",\"mainEntityOfPage\":{\"@id\":\"https:\\\/\\\/arv-argentina.com\\\/sintesis-informativa-30-2017\\\/\"},\"wordCount\":243,\"publisher\":{\"@id\":\"https:\\\/\\\/arv-argentina.com\\\/#organization\"},\"articleSection\":[\"S\u00edntesis Informativas\"],\"inLanguage\":\"es\"},{\"@type\":\"WebPage\",\"@id\":\"https:\\\/\\\/arv-argentina.com\\\/es\\\/sintesis-informativa-30-2017\\\/\",\"url\":\"https:\\\/\\\/arv-argentina.com\\\/es\\\/sintesis-informativa-30-2017\\\/\",\"name\":\"Trabajo y Previsi\u00f3n Social. R\u00e9gimen de Promoci\u00f3n de la Contrataci\u00f3n de Trabajo Registrado. Ley 26940\",\"isPartOf\":{\"@id\":\"https:\\\/\\\/arv-argentina.com\\\/es\\\/#website\"},\"datePublished\":\"2017-08-11T15:10:21+00:00\",\"dateModified\":\"2017-08-11T15:11:02+00:00\",\"description\":\"Se prorroga desde el 1 de agosto de 2017 y por el t\u00e9rmino de 12 meses el plazo establecido en el art\u00edculo 30 de la ley 26940 Titulo II Capitulo II.\",\"breadcrumb\":{\"@id\":\"https:\\\/\\\/arv-argentina.com\\\/es\\\/sintesis-informativa-30-2017\\\/#breadcrumb\"},\"inLanguage\":\"es\",\"potentialAction\":[{\"@type\":\"ReadAction\",\"target\":[[\"https:\\\/\\\/arv-argentina.com\\\/es\\\/sintesis-informativa-30-2017\\\/\"]]}]},{\"@type\":\"BreadcrumbList\",\"@id\":\"https:\\\/\\\/arv-argentina.com\\\/es\\\/sintesis-informativa-30-2017\\\/#breadcrumb\",\"itemListElement\":[{\"@type\":\"ListItem\",\"position\":1,\"name\":\"Portada\",\"item\":\"https:\\\/\\\/arv-argentina.com\\\/es\\\/\"},{\"@type\":\"ListItem\",\"position\":2,\"name\":\"SINTESIS INFORMATIVA N\u00b0 30\\\/2017\"}]},{\"@type\":\"WebSite\",\"@id\":\"https:\\\/\\\/arv-argentina.com\\\/es\\\/#website\",\"url\":\"https:\\\/\\\/arv-argentina.com\\\/es\\\/\",\"name\":\"ARV Argentina | Alvarez Roperti Venegas Consultores Tributarios &amp; Auditores\",\"description\":\"Especialistas en Consultor\u00eda Tributaria y Auditor\u00edaEspecialistas en consultor\u00eda Tributaria y Auditor\u00eda\",\"publisher\":{\"@id\":\"https:\\\/\\\/arv-argentina.com\\\/es\\\/#organization\"},\"potentialAction\":[{\"@type\":\"SearchAction\",\"target\":{\"@type\":\"EntryPoint\",\"urlTemplate\":\"https:\\\/\\\/arv-argentina.com\\\/es\\\/?s={search_term_string}\"},\"query-input\":{\"@type\":\"PropertyValueSpecification\",\"valueRequired\":true,\"valueName\":\"search_term_string\"}}],\"inLanguage\":\"es\"},{\"@type\":\"Organization\",\"@id\":\"https:\\\/\\\/arv-argentina.com\\\/es\\\/#organization\",\"name\":\"ARV Argentina\",\"url\":\"https:\\\/\\\/arv-argentina.com\\\/es\\\/\",\"logo\":{\"@type\":\"ImageObject\",\"inLanguage\":\"es\",\"@id\":\"https:\\\/\\\/arv-argentina.com\\\/es\\\/#\\\/schema\\\/logo\\\/image\\\/\",\"url\":\"http:\\\/\\\/arv-argentina.com\\\/wp-content\\\/uploads\\\/2016\\\/10\\\/arv-logo-head1.png\",\"contentUrl\":\"http:\\\/\\\/arv-argentina.com\\\/wp-content\\\/uploads\\\/2016\\\/10\\\/arv-logo-head1.png\",\"width\":133,\"height\":54,\"caption\":\"ARV Argentina\"},\"image\":{\"@id\":\"https:\\\/\\\/arv-argentina.com\\\/es\\\/#\\\/schema\\\/logo\\\/image\\\/\"}},{\"@type\":\"Person\",\"@id\":\"https:\\\/\\\/arv-argentina.com\\\/#\\\/schema\\\/person\\\/b815cf94bd4970ab5da59116912fd46a\",\"name\":\"arvonline\"}]}<\/script>\n<!-- \/ Yoast SEO plugin. -->","yoast_head_json":{"title":"Trabajo y Previsi\u00f3n Social. R\u00e9gimen de Promoci\u00f3n de la Contrataci\u00f3n de Trabajo Registrado. Ley 26940","description":"Se prorroga desde el 1 de agosto de 2017 y por el t\u00e9rmino de 12 meses el plazo establecido en el art\u00edculo 30 de la ley 26940 Titulo II Capitulo II.","robots":{"index":"index","follow":"follow","max-snippet":"max-snippet:-1","max-image-preview":"max-image-preview:large","max-video-preview":"max-video-preview:-1"},"canonical":"https:\/\/arv-argentina.com\/es\/sintesis-informativa-30-2017\/","og_locale":"es_ES","og_type":"article","og_title":"Trabajo y Previsi\u00f3n Social. R\u00e9gimen de Promoci\u00f3n de la Contrataci\u00f3n de Trabajo Registrado. Ley 26940","og_description":"Se prorroga desde el 1 de agosto de 2017 y por el t\u00e9rmino de 12 meses el plazo establecido en el art\u00edculo 30 de la ley 26940 Titulo II Capitulo II.","og_url":"https:\/\/arv-argentina.com\/es\/sintesis-informativa-30-2017\/","og_site_name":"ARV Argentina | Alvarez Roperti Venegas Consultores Tributarios &amp; Auditores","article_published_time":"2017-08-11T15:10:21+00:00","article_modified_time":"2017-08-11T15:11:02+00:00","author":"arvonline","twitter_card":"summary_large_image","twitter_misc":{"Escrito por":"arvonline","Tiempo de lectura":"1 minuto"},"schema":{"@context":"https:\/\/schema.org","@graph":[{"@type":"Article","@id":"https:\/\/arv-argentina.com\/sintesis-informativa-30-2017\/#article","isPartOf":{"@id":"https:\/\/arv-argentina.com\/sintesis-informativa-30-2017\/"},"author":{"name":"arvonline","@id":"https:\/\/arv-argentina.com\/#\/schema\/person\/b815cf94bd4970ab5da59116912fd46a"},"headline":"SINTESIS INFORMATIVA N\u00b0 30\/2017","datePublished":"2017-08-11T15:10:21+00:00","dateModified":"2017-08-11T15:11:02+00:00","mainEntityOfPage":{"@id":"https:\/\/arv-argentina.com\/sintesis-informativa-30-2017\/"},"wordCount":243,"publisher":{"@id":"https:\/\/arv-argentina.com\/#organization"},"articleSection":["S\u00edntesis Informativas"],"inLanguage":"es"},{"@type":"WebPage","@id":"https:\/\/arv-argentina.com\/es\/sintesis-informativa-30-2017\/","url":"https:\/\/arv-argentina.com\/es\/sintesis-informativa-30-2017\/","name":"Trabajo y Previsi\u00f3n Social. R\u00e9gimen de Promoci\u00f3n de la Contrataci\u00f3n de Trabajo Registrado. Ley 26940","isPartOf":{"@id":"https:\/\/arv-argentina.com\/es\/#website"},"datePublished":"2017-08-11T15:10:21+00:00","dateModified":"2017-08-11T15:11:02+00:00","description":"Se prorroga desde el 1 de agosto de 2017 y por el t\u00e9rmino de 12 meses el plazo establecido en el art\u00edculo 30 de la ley 26940 Titulo II Capitulo II.","breadcrumb":{"@id":"https:\/\/arv-argentina.com\/es\/sintesis-informativa-30-2017\/#breadcrumb"},"inLanguage":"es","potentialAction":[{"@type":"ReadAction","target":[["https:\/\/arv-argentina.com\/es\/sintesis-informativa-30-2017\/"]]}]},{"@type":"BreadcrumbList","@id":"https:\/\/arv-argentina.com\/es\/sintesis-informativa-30-2017\/#breadcrumb","itemListElement":[{"@type":"ListItem","position":1,"name":"Portada","item":"https:\/\/arv-argentina.com\/es\/"},{"@type":"ListItem","position":2,"name":"SINTESIS INFORMATIVA N\u00b0 30\/2017"}]},{"@type":"WebSite","@id":"https:\/\/arv-argentina.com\/es\/#website","url":"https:\/\/arv-argentina.com\/es\/","name":"ARV Argentina | Alvarez Roperti Venegas Consultores Tributarios &amp; Auditores","description":"Especialistas en Consultor\u00eda Tributaria y Auditor\u00edaEspecialistas en consultor\u00eda Tributaria y Auditor\u00eda","publisher":{"@id":"https:\/\/arv-argentina.com\/es\/#organization"},"potentialAction":[{"@type":"SearchAction","target":{"@type":"EntryPoint","urlTemplate":"https:\/\/arv-argentina.com\/es\/?s={search_term_string}"},"query-input":{"@type":"PropertyValueSpecification","valueRequired":true,"valueName":"search_term_string"}}],"inLanguage":"es"},{"@type":"Organization","@id":"https:\/\/arv-argentina.com\/es\/#organization","name":"ARV Argentina","url":"https:\/\/arv-argentina.com\/es\/","logo":{"@type":"ImageObject","inLanguage":"es","@id":"https:\/\/arv-argentina.com\/es\/#\/schema\/logo\/image\/","url":"http:\/\/arv-argentina.com\/wp-content\/uploads\/2016\/10\/arv-logo-head1.png","contentUrl":"http:\/\/arv-argentina.com\/wp-content\/uploads\/2016\/10\/arv-logo-head1.png","width":133,"height":54,"caption":"ARV Argentina"},"image":{"@id":"https:\/\/arv-argentina.com\/es\/#\/schema\/logo\/image\/"}},{"@type":"Person","@id":"https:\/\/arv-argentina.com\/#\/schema\/person\/b815cf94bd4970ab5da59116912fd46a","name":"arvonline"}]}},"_links":{"self":[{"href":"https:\/\/arv-argentina.com\/es\/wp-json\/wp\/v2\/posts\/16654","targetHints":{"allow":["GET"]}}],"collection":[{"href":"https:\/\/arv-argentina.com\/es\/wp-json\/wp\/v2\/posts"}],"about":[{"href":"https:\/\/arv-argentina.com\/es\/wp-json\/wp\/v2\/types\/post"}],"author":[{"embeddable":true,"href":"https:\/\/arv-argentina.com\/es\/wp-json\/wp\/v2\/users\/1"}],"replies":[{"embeddable":true,"href":"https:\/\/arv-argentina.com\/es\/wp-json\/wp\/v2\/comments?post=16654"}],"version-history":[{"count":2,"href":"https:\/\/arv-argentina.com\/es\/wp-json\/wp\/v2\/posts\/16654\/revisions"}],"predecessor-version":[{"id":16656,"href":"https:\/\/arv-argentina.com\/es\/wp-json\/wp\/v2\/posts\/16654\/revisions\/16656"}],"wp:attachment":[{"href":"https:\/\/arv-argentina.com\/es\/wp-json\/wp\/v2\/media?parent=16654"}],"wp:term":[{"taxonomy":"category","embeddable":true,"href":"https:\/\/arv-argentina.com\/es\/wp-json\/wp\/v2\/categories?post=16654"},{"taxonomy":"post_tag","embeddable":true,"href":"https:\/\/arv-argentina.com\/es\/wp-json\/wp\/v2\/tags?post=16654"}],"curies":[{"name":"wp","href":"https:\/\/api.w.org\/{rel}","templated":true}]}}