{"id":16808,"date":"2017-11-03T17:25:52","date_gmt":"2017-11-03T20:25:52","guid":{"rendered":"http:\/\/arv-argentina.com.cr1.toservers.com\/?p=16808"},"modified":"2017-11-03T17:29:08","modified_gmt":"2017-11-03T20:29:08","slug":"la-justicia-ordena-baja-tasas-del-impuesto-los-ingresos-brutos","status":"publish","type":"post","link":"https:\/\/arv-argentina.com\/es\/la-justicia-ordena-baja-tasas-del-impuesto-los-ingresos-brutos\/","title":{"rendered":"La Justicia ordena baja de tasas del impuesto sobre los Ingresos Brutos"},"content":{"rendered":"<p><\/p>\n<p style=\"text-align: justify;\">Hola, en esta oportunidad quiero compartir con Uds, una noticia que posiblemente pueda generarles un ahorro futuro de impuestos, y\/o un recupero por lo pagado de \u00abm\u00e1s\u00bb en a\u00f1os anteriores:<\/p>\n<p style=\"text-align: justify;\">El d\u00eda 31 de octubre de 2017 la <strong>Corte Suprema de Justicia de la Naci\u00f3n<\/strong> se expidi\u00f3 sobre el fondo en las causas \u201c<em>Bayer SA c\/Prov. de Santa Fe s\/acci\u00f3n declarativa de certeza\u201d<\/em>\u00a0y\u00a0<em>\u201cHarriet y Donnelly SA c\/Prov. del Chaco s\/acci\u00f3n declarativa de certeza\u201d<\/em>.<\/p>\n<p style=\"text-align: justify;\">El m\u00e1ximo tribunal sentenci\u00f3 que las al\u00edcuotas diferenciales de ingresos brutos, aplicadas para la actividad primaria e industrial realizada en extra\u00f1a jurisdicci\u00f3n, resultan inconstitucionales por afectar el principio de igualdad (Constituci\u00f3n Nacional, art. 16), y alterar la corriente natural del comercio (Constituci\u00f3n Nacional, arts. 75, inc. 13 y 126), instaur\u00e1ndose as\u00ed una suerte de<em>\u00a0\u00abaduana interior<\/em>\u00bb vedada por la Constituci\u00f3n Nacional (arts. 9\u00b0 a 12). A id\u00e9ntica conclusi\u00f3n\u00a0 se arrib\u00f3 para la actividad desarrollada en la provincia por sujetos cuya sede central se encuentra en extra\u00f1a jurisdicci\u00f3n.<\/p>\n<p style=\"text-align: justify;\">Esto genera:<\/p>\n<ol style=\"text-align: justify;\">\n<li>a) que las Provincias debieran modificar\u00a0 sus c\u00f3digos fiscales y no apliquen m\u00e1s las sobretasas. De hecho ya CABA, Bs As y C\u00f3rdoba tienen previsto para el 2018 ya adaptar sus c\u00f3digos fiscales<\/li>\n<\/ol>\n<ol style=\"text-align: justify;\">\n<li>b) a interponer acciones de repetici\u00f3n a quienes pagaron sobretasas.<\/li>\n<\/ol>\n<ol style=\"text-align: justify;\">\n<li>c) El fallo no habilita a dejar de pagar la sobretasa, si se quisiera dejar de pagarla, debiera informarse al Fisco correspondiente y abrir una litis.<\/li>\n<\/ol>\n<p>&nbsp;<\/p>\n<p style=\"text-align: justify;\"><strong>Sugerimos cuantificar las sobretasas pagadas en todos los a\u00f1os no prescriptos, en cada jurisdicci\u00f3n,\u00a0 contra la tasa normal, a fin de evaluar iniciar acciones de repetici\u00f3n.<\/strong><\/p>\n<p>&nbsp;<\/p>\n<p><img loading=\"lazy\" decoding=\"async\" class=\"alignnone wp-image-16074\" src=\"https:\/\/arv-argentina.com\/wp-content\/uploads\/2014\/04\/alvarez.jpg\" alt=\"Fernando G. \u00c1lvarez\" width=\"120\" height=\"120\" \/><\/p>\n<p><strong>Fernando G. Alvarez<\/strong><br \/>\nContador P\u00fablico Nacional graduado en 1983 de la Facultad de Ciencias Econ\u00f3micas de la Universidad de Buenos Aires. Socio fundador a cargo del \u00c1rea Impuestos. Especialista experto en materia tributaria.<\/p>","protected":false},"excerpt":{"rendered":"<p>Hola, en esta oportunidad quiero compartir con Uds, una noticia que posiblemente pueda generarles un ahorro futuro de impuestos, y\/o un recupero por lo pagado de \u00abm\u00e1s\u00bb en a\u00f1os anteriores: El d\u00eda 31 de octubre de 2017 la Corte Suprema de Justicia de la Naci\u00f3n&#8230;<\/p>\n","protected":false},"author":1,"featured_media":16810,"comment_status":"closed","ping_status":"open","sticky":false,"template":"","format":"standard","meta":{"footnotes":""},"categories":[63],"tags":[],"class_list":["post-16808","post","type-post","status-publish","format-standard","has-post-thumbnail","hentry","category-publicaciones"],"yoast_head":"<!-- This site is optimized with the Yoast SEO plugin v27.4 - https:\/\/yoast.com\/product\/yoast-seo-wordpress\/ -->\n<title>La Justicia ordena baja de tasas del impuesto sobre los Ingresos Brutos<\/title>\n<meta name=\"description\" content=\"El m\u00e1ximo tribunal sentenci\u00f3 que las al\u00edcuotas diferenciales de ingresos brutos, aplicadas para la actividad primaria e industrial ...\" \/>\n<meta name=\"robots\" content=\"index, follow, max-snippet:-1, max-image-preview:large, max-video-preview:-1\" \/>\n<link rel=\"canonical\" href=\"https:\/\/arv-argentina.com\/es\/la-justicia-ordena-baja-tasas-del-impuesto-los-ingresos-brutos\/\" \/>\n<meta property=\"og:locale\" content=\"es_ES\" \/>\n<meta property=\"og:type\" content=\"article\" \/>\n<meta property=\"og:title\" content=\"La Justicia ordena baja de tasas del impuesto sobre los Ingresos Brutos\" \/>\n<meta property=\"og:description\" content=\"El m\u00e1ximo tribunal sentenci\u00f3 que las al\u00edcuotas diferenciales de ingresos brutos, aplicadas para la actividad primaria e industrial ...\" \/>\n<meta property=\"og:url\" content=\"https:\/\/arv-argentina.com\/es\/la-justicia-ordena-baja-tasas-del-impuesto-los-ingresos-brutos\/\" \/>\n<meta property=\"og:site_name\" content=\"ARV Argentina | Alvarez Roperti Venegas Consultores Tributarios &amp; Auditores\" \/>\n<meta property=\"article:published_time\" content=\"2017-11-03T20:25:52+00:00\" \/>\n<meta property=\"article:modified_time\" content=\"2017-11-03T20:29:08+00:00\" \/>\n<meta property=\"og:image\" content=\"https:\/\/arv-argentina.com\/wp-content\/uploads\/2017\/11\/notas-prensa-01-01.png\" \/>\n\t<meta property=\"og:image:width\" content=\"791\" \/>\n\t<meta property=\"og:image:height\" content=\"527\" \/>\n\t<meta property=\"og:image:type\" content=\"image\/png\" \/>\n<meta name=\"author\" content=\"arvonline\" \/>\n<meta name=\"twitter:card\" content=\"summary_large_image\" \/>\n<meta name=\"twitter:label1\" content=\"Escrito por\" \/>\n\t<meta name=\"twitter:data1\" content=\"arvonline\" \/>\n\t<meta name=\"twitter:label2\" content=\"Tiempo de lectura\" \/>\n\t<meta name=\"twitter:data2\" content=\"2 minutos\" \/>\n<script type=\"application\/ld+json\" class=\"yoast-schema-graph\">{\"@context\":\"https:\\\/\\\/schema.org\",\"@graph\":[{\"@type\":\"Article\",\"@id\":\"https:\\\/\\\/arv-argentina.com\\\/la-justicia-ordena-baja-tasas-del-impuesto-los-ingresos-brutos\\\/#article\",\"isPartOf\":{\"@id\":\"https:\\\/\\\/arv-argentina.com\\\/la-justicia-ordena-baja-tasas-del-impuesto-los-ingresos-brutos\\\/\"},\"author\":{\"name\":\"arvonline\",\"@id\":\"https:\\\/\\\/arv-argentina.com\\\/#\\\/schema\\\/person\\\/b815cf94bd4970ab5da59116912fd46a\"},\"headline\":\"La Justicia ordena baja de tasas del impuesto sobre los Ingresos Brutos\",\"datePublished\":\"2017-11-03T20:25:52+00:00\",\"dateModified\":\"2017-11-03T20:29:08+00:00\",\"mainEntityOfPage\":{\"@id\":\"https:\\\/\\\/arv-argentina.com\\\/la-justicia-ordena-baja-tasas-del-impuesto-los-ingresos-brutos\\\/\"},\"wordCount\":452,\"publisher\":{\"@id\":\"https:\\\/\\\/arv-argentina.com\\\/#organization\"},\"image\":{\"@id\":\"https:\\\/\\\/arv-argentina.com\\\/la-justicia-ordena-baja-tasas-del-impuesto-los-ingresos-brutos\\\/#primaryimage\"},\"thumbnailUrl\":\"https:\\\/\\\/arv-argentina.com\\\/wp-content\\\/uploads\\\/2017\\\/11\\\/notas-prensa-01-01.png\",\"articleSection\":[\"Publicaciones\"],\"inLanguage\":\"es\"},{\"@type\":\"WebPage\",\"@id\":\"https:\\\/\\\/arv-argentina.com\\\/es\\\/la-justicia-ordena-baja-tasas-del-impuesto-los-ingresos-brutos\\\/\",\"url\":\"https:\\\/\\\/arv-argentina.com\\\/es\\\/la-justicia-ordena-baja-tasas-del-impuesto-los-ingresos-brutos\\\/\",\"name\":\"La Justicia ordena baja de tasas del impuesto sobre los Ingresos Brutos\",\"isPartOf\":{\"@id\":\"https:\\\/\\\/arv-argentina.com\\\/es\\\/#website\"},\"primaryImageOfPage\":{\"@id\":\"https:\\\/\\\/arv-argentina.com\\\/es\\\/la-justicia-ordena-baja-tasas-del-impuesto-los-ingresos-brutos\\\/#primaryimage\"},\"image\":{\"@id\":\"https:\\\/\\\/arv-argentina.com\\\/la-justicia-ordena-baja-tasas-del-impuesto-los-ingresos-brutos\\\/#primaryimage\"},\"thumbnailUrl\":\"https:\\\/\\\/arv-argentina.com\\\/wp-content\\\/uploads\\\/2017\\\/11\\\/notas-prensa-01-01.png\",\"datePublished\":\"2017-11-03T20:25:52+00:00\",\"dateModified\":\"2017-11-03T20:29:08+00:00\",\"description\":\"El m\u00e1ximo tribunal sentenci\u00f3 que las al\u00edcuotas diferenciales de ingresos brutos, aplicadas para la actividad primaria e industrial ...\",\"breadcrumb\":{\"@id\":\"https:\\\/\\\/arv-argentina.com\\\/es\\\/la-justicia-ordena-baja-tasas-del-impuesto-los-ingresos-brutos\\\/#breadcrumb\"},\"inLanguage\":\"es\",\"potentialAction\":[{\"@type\":\"ReadAction\",\"target\":[[\"https:\\\/\\\/arv-argentina.com\\\/es\\\/la-justicia-ordena-baja-tasas-del-impuesto-los-ingresos-brutos\\\/\"]]}]},{\"@type\":\"ImageObject\",\"inLanguage\":\"es\",\"@id\":\"https:\\\/\\\/arv-argentina.com\\\/es\\\/la-justicia-ordena-baja-tasas-del-impuesto-los-ingresos-brutos\\\/#primaryimage\",\"url\":\"https:\\\/\\\/arv-argentina.com\\\/wp-content\\\/uploads\\\/2017\\\/11\\\/notas-prensa-01-01.png\",\"contentUrl\":\"https:\\\/\\\/arv-argentina.com\\\/wp-content\\\/uploads\\\/2017\\\/11\\\/notas-prensa-01-01.png\",\"width\":791,\"height\":527,\"caption\":\"Fernando Alvarez\"},{\"@type\":\"BreadcrumbList\",\"@id\":\"https:\\\/\\\/arv-argentina.com\\\/es\\\/la-justicia-ordena-baja-tasas-del-impuesto-los-ingresos-brutos\\\/#breadcrumb\",\"itemListElement\":[{\"@type\":\"ListItem\",\"position\":1,\"name\":\"Portada\",\"item\":\"https:\\\/\\\/arv-argentina.com\\\/es\\\/\"},{\"@type\":\"ListItem\",\"position\":2,\"name\":\"La Justicia ordena baja de tasas del impuesto sobre los Ingresos Brutos\"}]},{\"@type\":\"WebSite\",\"@id\":\"https:\\\/\\\/arv-argentina.com\\\/es\\\/#website\",\"url\":\"https:\\\/\\\/arv-argentina.com\\\/es\\\/\",\"name\":\"ARV Argentina | Alvarez Roperti Venegas Consultores Tributarios &amp; Auditores\",\"description\":\"Especialistas en Consultor\u00eda Tributaria y Auditor\u00edaEspecialistas en consultor\u00eda Tributaria y Auditor\u00eda\",\"publisher\":{\"@id\":\"https:\\\/\\\/arv-argentina.com\\\/es\\\/#organization\"},\"potentialAction\":[{\"@type\":\"SearchAction\",\"target\":{\"@type\":\"EntryPoint\",\"urlTemplate\":\"https:\\\/\\\/arv-argentina.com\\\/es\\\/?s={search_term_string}\"},\"query-input\":{\"@type\":\"PropertyValueSpecification\",\"valueRequired\":true,\"valueName\":\"search_term_string\"}}],\"inLanguage\":\"es\"},{\"@type\":\"Organization\",\"@id\":\"https:\\\/\\\/arv-argentina.com\\\/es\\\/#organization\",\"name\":\"ARV Argentina\",\"url\":\"https:\\\/\\\/arv-argentina.com\\\/es\\\/\",\"logo\":{\"@type\":\"ImageObject\",\"inLanguage\":\"es\",\"@id\":\"https:\\\/\\\/arv-argentina.com\\\/es\\\/#\\\/schema\\\/logo\\\/image\\\/\",\"url\":\"http:\\\/\\\/arv-argentina.com\\\/wp-content\\\/uploads\\\/2016\\\/10\\\/arv-logo-head1.png\",\"contentUrl\":\"http:\\\/\\\/arv-argentina.com\\\/wp-content\\\/uploads\\\/2016\\\/10\\\/arv-logo-head1.png\",\"width\":133,\"height\":54,\"caption\":\"ARV Argentina\"},\"image\":{\"@id\":\"https:\\\/\\\/arv-argentina.com\\\/es\\\/#\\\/schema\\\/logo\\\/image\\\/\"}},{\"@type\":\"Person\",\"@id\":\"https:\\\/\\\/arv-argentina.com\\\/#\\\/schema\\\/person\\\/b815cf94bd4970ab5da59116912fd46a\",\"name\":\"arvonline\"}]}<\/script>\n<!-- \/ Yoast SEO plugin. -->","yoast_head_json":{"title":"La Justicia ordena baja de tasas del impuesto sobre los Ingresos Brutos","description":"El m\u00e1ximo tribunal sentenci\u00f3 que las al\u00edcuotas diferenciales de ingresos brutos, aplicadas para la actividad primaria e industrial ...","robots":{"index":"index","follow":"follow","max-snippet":"max-snippet:-1","max-image-preview":"max-image-preview:large","max-video-preview":"max-video-preview:-1"},"canonical":"https:\/\/arv-argentina.com\/es\/la-justicia-ordena-baja-tasas-del-impuesto-los-ingresos-brutos\/","og_locale":"es_ES","og_type":"article","og_title":"La Justicia ordena baja de tasas del impuesto sobre los Ingresos Brutos","og_description":"El m\u00e1ximo tribunal sentenci\u00f3 que las al\u00edcuotas diferenciales de ingresos brutos, aplicadas para la actividad primaria e industrial ...","og_url":"https:\/\/arv-argentina.com\/es\/la-justicia-ordena-baja-tasas-del-impuesto-los-ingresos-brutos\/","og_site_name":"ARV Argentina | Alvarez Roperti Venegas Consultores Tributarios &amp; Auditores","article_published_time":"2017-11-03T20:25:52+00:00","article_modified_time":"2017-11-03T20:29:08+00:00","og_image":[{"width":791,"height":527,"url":"https:\/\/arv-argentina.com\/wp-content\/uploads\/2017\/11\/notas-prensa-01-01.png","type":"image\/png"}],"author":"arvonline","twitter_card":"summary_large_image","twitter_misc":{"Escrito por":"arvonline","Tiempo de lectura":"2 minutos"},"schema":{"@context":"https:\/\/schema.org","@graph":[{"@type":"Article","@id":"https:\/\/arv-argentina.com\/la-justicia-ordena-baja-tasas-del-impuesto-los-ingresos-brutos\/#article","isPartOf":{"@id":"https:\/\/arv-argentina.com\/la-justicia-ordena-baja-tasas-del-impuesto-los-ingresos-brutos\/"},"author":{"name":"arvonline","@id":"https:\/\/arv-argentina.com\/#\/schema\/person\/b815cf94bd4970ab5da59116912fd46a"},"headline":"La Justicia ordena baja de tasas del impuesto sobre los Ingresos Brutos","datePublished":"2017-11-03T20:25:52+00:00","dateModified":"2017-11-03T20:29:08+00:00","mainEntityOfPage":{"@id":"https:\/\/arv-argentina.com\/la-justicia-ordena-baja-tasas-del-impuesto-los-ingresos-brutos\/"},"wordCount":452,"publisher":{"@id":"https:\/\/arv-argentina.com\/#organization"},"image":{"@id":"https:\/\/arv-argentina.com\/la-justicia-ordena-baja-tasas-del-impuesto-los-ingresos-brutos\/#primaryimage"},"thumbnailUrl":"https:\/\/arv-argentina.com\/wp-content\/uploads\/2017\/11\/notas-prensa-01-01.png","articleSection":["Publicaciones"],"inLanguage":"es"},{"@type":"WebPage","@id":"https:\/\/arv-argentina.com\/es\/la-justicia-ordena-baja-tasas-del-impuesto-los-ingresos-brutos\/","url":"https:\/\/arv-argentina.com\/es\/la-justicia-ordena-baja-tasas-del-impuesto-los-ingresos-brutos\/","name":"La Justicia ordena baja de tasas del impuesto sobre los Ingresos Brutos","isPartOf":{"@id":"https:\/\/arv-argentina.com\/es\/#website"},"primaryImageOfPage":{"@id":"https:\/\/arv-argentina.com\/es\/la-justicia-ordena-baja-tasas-del-impuesto-los-ingresos-brutos\/#primaryimage"},"image":{"@id":"https:\/\/arv-argentina.com\/la-justicia-ordena-baja-tasas-del-impuesto-los-ingresos-brutos\/#primaryimage"},"thumbnailUrl":"https:\/\/arv-argentina.com\/wp-content\/uploads\/2017\/11\/notas-prensa-01-01.png","datePublished":"2017-11-03T20:25:52+00:00","dateModified":"2017-11-03T20:29:08+00:00","description":"El m\u00e1ximo tribunal sentenci\u00f3 que las al\u00edcuotas diferenciales de ingresos brutos, aplicadas para la actividad primaria e industrial ...","breadcrumb":{"@id":"https:\/\/arv-argentina.com\/es\/la-justicia-ordena-baja-tasas-del-impuesto-los-ingresos-brutos\/#breadcrumb"},"inLanguage":"es","potentialAction":[{"@type":"ReadAction","target":[["https:\/\/arv-argentina.com\/es\/la-justicia-ordena-baja-tasas-del-impuesto-los-ingresos-brutos\/"]]}]},{"@type":"ImageObject","inLanguage":"es","@id":"https:\/\/arv-argentina.com\/es\/la-justicia-ordena-baja-tasas-del-impuesto-los-ingresos-brutos\/#primaryimage","url":"https:\/\/arv-argentina.com\/wp-content\/uploads\/2017\/11\/notas-prensa-01-01.png","contentUrl":"https:\/\/arv-argentina.com\/wp-content\/uploads\/2017\/11\/notas-prensa-01-01.png","width":791,"height":527,"caption":"Fernando Alvarez"},{"@type":"BreadcrumbList","@id":"https:\/\/arv-argentina.com\/es\/la-justicia-ordena-baja-tasas-del-impuesto-los-ingresos-brutos\/#breadcrumb","itemListElement":[{"@type":"ListItem","position":1,"name":"Portada","item":"https:\/\/arv-argentina.com\/es\/"},{"@type":"ListItem","position":2,"name":"La Justicia ordena baja de tasas del impuesto sobre los Ingresos Brutos"}]},{"@type":"WebSite","@id":"https:\/\/arv-argentina.com\/es\/#website","url":"https:\/\/arv-argentina.com\/es\/","name":"ARV Argentina | Alvarez Roperti Venegas Consultores Tributarios &amp; Auditores","description":"Especialistas en Consultor\u00eda Tributaria y Auditor\u00edaEspecialistas en consultor\u00eda Tributaria y Auditor\u00eda","publisher":{"@id":"https:\/\/arv-argentina.com\/es\/#organization"},"potentialAction":[{"@type":"SearchAction","target":{"@type":"EntryPoint","urlTemplate":"https:\/\/arv-argentina.com\/es\/?s={search_term_string}"},"query-input":{"@type":"PropertyValueSpecification","valueRequired":true,"valueName":"search_term_string"}}],"inLanguage":"es"},{"@type":"Organization","@id":"https:\/\/arv-argentina.com\/es\/#organization","name":"ARV Argentina","url":"https:\/\/arv-argentina.com\/es\/","logo":{"@type":"ImageObject","inLanguage":"es","@id":"https:\/\/arv-argentina.com\/es\/#\/schema\/logo\/image\/","url":"http:\/\/arv-argentina.com\/wp-content\/uploads\/2016\/10\/arv-logo-head1.png","contentUrl":"http:\/\/arv-argentina.com\/wp-content\/uploads\/2016\/10\/arv-logo-head1.png","width":133,"height":54,"caption":"ARV Argentina"},"image":{"@id":"https:\/\/arv-argentina.com\/es\/#\/schema\/logo\/image\/"}},{"@type":"Person","@id":"https:\/\/arv-argentina.com\/#\/schema\/person\/b815cf94bd4970ab5da59116912fd46a","name":"arvonline"}]}},"_links":{"self":[{"href":"https:\/\/arv-argentina.com\/es\/wp-json\/wp\/v2\/posts\/16808","targetHints":{"allow":["GET"]}}],"collection":[{"href":"https:\/\/arv-argentina.com\/es\/wp-json\/wp\/v2\/posts"}],"about":[{"href":"https:\/\/arv-argentina.com\/es\/wp-json\/wp\/v2\/types\/post"}],"author":[{"embeddable":true,"href":"https:\/\/arv-argentina.com\/es\/wp-json\/wp\/v2\/users\/1"}],"replies":[{"embeddable":true,"href":"https:\/\/arv-argentina.com\/es\/wp-json\/wp\/v2\/comments?post=16808"}],"version-history":[{"count":3,"href":"https:\/\/arv-argentina.com\/es\/wp-json\/wp\/v2\/posts\/16808\/revisions"}],"predecessor-version":[{"id":16812,"href":"https:\/\/arv-argentina.com\/es\/wp-json\/wp\/v2\/posts\/16808\/revisions\/16812"}],"wp:featuredmedia":[{"embeddable":true,"href":"https:\/\/arv-argentina.com\/es\/wp-json\/wp\/v2\/media\/16810"}],"wp:attachment":[{"href":"https:\/\/arv-argentina.com\/es\/wp-json\/wp\/v2\/media?parent=16808"}],"wp:term":[{"taxonomy":"category","embeddable":true,"href":"https:\/\/arv-argentina.com\/es\/wp-json\/wp\/v2\/categories?post=16808"},{"taxonomy":"post_tag","embeddable":true,"href":"https:\/\/arv-argentina.com\/es\/wp-json\/wp\/v2\/tags?post=16808"}],"curies":[{"name":"wp","href":"https:\/\/api.w.org\/{rel}","templated":true}]}}