{"id":16871,"date":"2018-01-04T11:05:02","date_gmt":"2018-01-04T14:05:02","guid":{"rendered":"http:\/\/arv-argentina.com.cr1.toservers.com\/?p=16871"},"modified":"2018-01-12T19:11:45","modified_gmt":"2018-01-12T22:11:45","slug":"sintesis-informativa-02-2018","status":"publish","type":"post","link":"https:\/\/arv-argentina.com\/es\/sintesis-informativa-02-2018\/","title":{"rendered":"SINTESIS INFORMATIVA N\u00b0 02\/2018"},"content":{"rendered":"<p><\/p>\n<p style=\"text-align: justify;\"><strong>R\u00e9gimen especial de la seguridad social para Personal de Casas Particulares. Aportes y contribuciones. Adecuaciones<\/strong><strong>. Res. Gral (AFIP) \u00a04180-E. B.O 02\/01\/2018<\/strong><\/p>\n<p style=\"text-align: justify;\">Se establecen los valores de las contribuciones y aportes fijos del r\u00e9gimen especial que regir\u00e1n a partir del periodo devengado Enero 2018 (siendo la obligaci\u00f3n \u00abpor mes vencido\u00bb ello significa que los nuevos montos deber\u00e1n ingresarse en las fechas de vencimiento correspondientes a Febrero del corriente).<\/p>\n<p style=\"text-align: justify;\">Cabe destacar que la norma dispone que las contribuciones y aportes (excepto la cuota de Riesgos de Trabajo) se incrementar\u00e1n anualmente en forma autom\u00e1tica, en igual proporci\u00f3n y en la misma oportunidad en que tenga lugar la actualizaci\u00f3n correspondiente al R\u00e9gimen Simplificado para Peque\u00f1os Contribuyentes.\u00a0A saber:<\/p>\n<p>a) Por cada trabajador activo:<\/p>\n<p>1.\u00a0 Mayor de 18 a\u00f1os:<\/p>\n<p><img loading=\"lazy\" decoding=\"async\" class=\"alignnone size-full wp-image-16875\" src=\"https:\/\/arv-argentina.com\/wp-content\/uploads\/2018\/01\/Personal-Casas-Particulares-01.png\" alt=\"R\u00e9gimen especial de la seguridad social para Personal de Casas Particulares. \" width=\"778\" height=\"185\" srcset=\"https:\/\/arv-argentina.com\/wp-content\/uploads\/2018\/01\/Personal-Casas-Particulares-01.png 778w, https:\/\/arv-argentina.com\/wp-content\/uploads\/2018\/01\/Personal-Casas-Particulares-01-300x71.png 300w, https:\/\/arv-argentina.com\/wp-content\/uploads\/2018\/01\/Personal-Casas-Particulares-01-768x183.png 768w, https:\/\/arv-argentina.com\/wp-content\/uploads\/2018\/01\/Personal-Casas-Particulares-01-700x166.png 700w\" sizes=\"auto, (max-width: 778px) 100vw, 778px\" \/><\/p>\n<p>2. Menor de 18 a\u00f1os pero mayor de 16 a\u00f1os:<\/p>\n<p><img loading=\"lazy\" decoding=\"async\" class=\"alignnone size-full wp-image-16873\" src=\"https:\/\/arv-argentina.com\/wp-content\/uploads\/2018\/01\/Personal-Casas-Particulares-02.jpg\" alt=\"R\u00e9gimen especial de la seguridad social para Personal de Casas Particulares. \" width=\"778\" height=\"185\" srcset=\"https:\/\/arv-argentina.com\/wp-content\/uploads\/2018\/01\/Personal-Casas-Particulares-02.jpg 778w, https:\/\/arv-argentina.com\/wp-content\/uploads\/2018\/01\/Personal-Casas-Particulares-02-300x71.jpg 300w, https:\/\/arv-argentina.com\/wp-content\/uploads\/2018\/01\/Personal-Casas-Particulares-02-768x183.jpg 768w, https:\/\/arv-argentina.com\/wp-content\/uploads\/2018\/01\/Personal-Casas-Particulares-02-700x166.jpg 700w\" sizes=\"auto, (max-width: 778px) 100vw, 778px\" \/><\/p>\n<p style=\"text-align: justify;\">El diez por ciento (10%) del aporte de quinientos treinta y seis pesos con 35\/100 ($ 536,35) previsto en los cuadros anteriores, se destinar\u00e1 al Fondo Solidario de Redistribuci\u00f3n establecido por el art\u00edculo 22 de la ley 23661 y sus modificaciones.<\/p>\n<p>b) Por cada trabajador jubilado:<\/p>\n<p><img loading=\"lazy\" decoding=\"async\" class=\"alignnone size-full wp-image-16874\" src=\"https:\/\/arv-argentina.com\/wp-content\/uploads\/2018\/01\/Personal-Casas-Particulares-03.jpg\" alt=\"Personal-Casas-Particulares-03\" width=\"778\" height=\"185\" srcset=\"https:\/\/arv-argentina.com\/wp-content\/uploads\/2018\/01\/Personal-Casas-Particulares-03.jpg 778w, https:\/\/arv-argentina.com\/wp-content\/uploads\/2018\/01\/Personal-Casas-Particulares-03-300x71.jpg 300w, https:\/\/arv-argentina.com\/wp-content\/uploads\/2018\/01\/Personal-Casas-Particulares-03-768x183.jpg 768w, https:\/\/arv-argentina.com\/wp-content\/uploads\/2018\/01\/Personal-Casas-Particulares-03-700x166.jpg 700w\" sizes=\"auto, (max-width: 778px) 100vw, 778px\" \/><\/p>\n<p>Ciudad Aut\u00f3noma de Buenos Aires, Enero \u00a0de 2018<\/p>","protected":false},"excerpt":{"rendered":"<p>R\u00e9gimen especial de la seguridad social para Personal de Casas Particulares. Aportes y contribuciones. Adecuaciones. Res. Gral (AFIP) \u00a04180-E. B.O 02\/01\/2018 Se establecen los valores de las contribuciones y aportes fijos del r\u00e9gimen especial que regir\u00e1n a partir del periodo devengado Enero 2018 (siendo la&#8230;<\/p>\n","protected":false},"author":1,"featured_media":0,"comment_status":"closed","ping_status":"open","sticky":false,"template":"","format":"standard","meta":{"footnotes":""},"categories":[62],"tags":[],"class_list":["post-16871","post","type-post","status-publish","format-standard","hentry","category-sintesis-informativas"],"yoast_head":"<!-- This site is optimized with the Yoast SEO plugin v27.4 - https:\/\/yoast.com\/product\/yoast-seo-wordpress\/ -->\n<title>R\u00e9gimen especial de la seguridad social para Personal de Casas Particulares.<\/title>\n<meta name=\"description\" content=\"Res. Gral (AFIP) 4180-E. B.O 02\/01\/2018. Aportes y contribuciones. Se establecen los valores de las contribuciones y aportes fijos del r\u00e9gimen especial ...\" \/>\n<meta name=\"robots\" content=\"index, follow, max-snippet:-1, max-image-preview:large, max-video-preview:-1\" \/>\n<link rel=\"canonical\" href=\"https:\/\/arv-argentina.com\/es\/sintesis-informativa-02-2018\/\" \/>\n<meta property=\"og:locale\" content=\"es_ES\" \/>\n<meta property=\"og:type\" content=\"article\" \/>\n<meta property=\"og:title\" content=\"R\u00e9gimen especial de la seguridad social para Personal de Casas Particulares.\" \/>\n<meta property=\"og:description\" content=\"Res. Gral (AFIP) 4180-E. B.O 02\/01\/2018. Aportes y contribuciones. Se establecen los valores de las contribuciones y aportes fijos del r\u00e9gimen especial ...\" \/>\n<meta property=\"og:url\" content=\"https:\/\/arv-argentina.com\/es\/sintesis-informativa-02-2018\/\" \/>\n<meta property=\"og:site_name\" content=\"ARV Argentina | Alvarez Roperti Venegas Consultores Tributarios &amp; Auditores\" \/>\n<meta property=\"article:published_time\" content=\"2018-01-04T14:05:02+00:00\" \/>\n<meta property=\"article:modified_time\" content=\"2018-01-12T22:11:45+00:00\" \/>\n<meta property=\"og:image\" content=\"https:\/\/arv-argentina.com\/wp-content\/uploads\/2018\/01\/Personal-Casas-Particulares-01.png\" \/>\n<meta name=\"author\" content=\"arvonline\" \/>\n<meta name=\"twitter:card\" content=\"summary_large_image\" \/>\n<meta name=\"twitter:label1\" content=\"Escrito por\" \/>\n\t<meta name=\"twitter:data1\" content=\"arvonline\" \/>\n\t<meta name=\"twitter:label2\" content=\"Tiempo de lectura\" \/>\n\t<meta name=\"twitter:data2\" content=\"1 minuto\" \/>\n<script type=\"application\/ld+json\" class=\"yoast-schema-graph\">{\"@context\":\"https:\\\/\\\/schema.org\",\"@graph\":[{\"@type\":\"Article\",\"@id\":\"https:\\\/\\\/arv-argentina.com\\\/sintesis-informativa-02-2018\\\/#article\",\"isPartOf\":{\"@id\":\"https:\\\/\\\/arv-argentina.com\\\/sintesis-informativa-02-2018\\\/\"},\"author\":{\"name\":\"arvonline\",\"@id\":\"https:\\\/\\\/arv-argentina.com\\\/#\\\/schema\\\/person\\\/b815cf94bd4970ab5da59116912fd46a\"},\"headline\":\"SINTESIS INFORMATIVA N\u00b0 02\\\/2018\",\"datePublished\":\"2018-01-04T14:05:02+00:00\",\"dateModified\":\"2018-01-12T22:11:45+00:00\",\"mainEntityOfPage\":{\"@id\":\"https:\\\/\\\/arv-argentina.com\\\/sintesis-informativa-02-2018\\\/\"},\"wordCount\":197,\"publisher\":{\"@id\":\"https:\\\/\\\/arv-argentina.com\\\/#organization\"},\"image\":{\"@id\":\"https:\\\/\\\/arv-argentina.com\\\/sintesis-informativa-02-2018\\\/#primaryimage\"},\"thumbnailUrl\":\"https:\\\/\\\/arv-argentina.com\\\/wp-content\\\/uploads\\\/2018\\\/01\\\/Personal-Casas-Particulares-01.png\",\"articleSection\":[\"S\u00edntesis Informativas\"],\"inLanguage\":\"es\"},{\"@type\":\"WebPage\",\"@id\":\"https:\\\/\\\/arv-argentina.com\\\/es\\\/sintesis-informativa-02-2018\\\/\",\"url\":\"https:\\\/\\\/arv-argentina.com\\\/es\\\/sintesis-informativa-02-2018\\\/\",\"name\":\"R\u00e9gimen especial de la seguridad social para Personal de Casas Particulares.\",\"isPartOf\":{\"@id\":\"https:\\\/\\\/arv-argentina.com\\\/es\\\/#website\"},\"primaryImageOfPage\":{\"@id\":\"https:\\\/\\\/arv-argentina.com\\\/es\\\/sintesis-informativa-02-2018\\\/#primaryimage\"},\"image\":{\"@id\":\"https:\\\/\\\/arv-argentina.com\\\/sintesis-informativa-02-2018\\\/#primaryimage\"},\"thumbnailUrl\":\"https:\\\/\\\/arv-argentina.com\\\/wp-content\\\/uploads\\\/2018\\\/01\\\/Personal-Casas-Particulares-01.png\",\"datePublished\":\"2018-01-04T14:05:02+00:00\",\"dateModified\":\"2018-01-12T22:11:45+00:00\",\"description\":\"Res. Gral (AFIP) 4180-E. B.O 02\\\/01\\\/2018. Aportes y contribuciones. Se establecen los valores de las contribuciones y aportes fijos del r\u00e9gimen especial ...\",\"breadcrumb\":{\"@id\":\"https:\\\/\\\/arv-argentina.com\\\/es\\\/sintesis-informativa-02-2018\\\/#breadcrumb\"},\"inLanguage\":\"es\",\"potentialAction\":[{\"@type\":\"ReadAction\",\"target\":[[\"https:\\\/\\\/arv-argentina.com\\\/es\\\/sintesis-informativa-02-2018\\\/\"]]}]},{\"@type\":\"ImageObject\",\"inLanguage\":\"es\",\"@id\":\"https:\\\/\\\/arv-argentina.com\\\/es\\\/sintesis-informativa-02-2018\\\/#primaryimage\",\"url\":\"https:\\\/\\\/arv-argentina.com\\\/wp-content\\\/uploads\\\/2018\\\/01\\\/Personal-Casas-Particulares-01.png\",\"contentUrl\":\"https:\\\/\\\/arv-argentina.com\\\/wp-content\\\/uploads\\\/2018\\\/01\\\/Personal-Casas-Particulares-01.png\"},{\"@type\":\"BreadcrumbList\",\"@id\":\"https:\\\/\\\/arv-argentina.com\\\/es\\\/sintesis-informativa-02-2018\\\/#breadcrumb\",\"itemListElement\":[{\"@type\":\"ListItem\",\"position\":1,\"name\":\"Portada\",\"item\":\"https:\\\/\\\/arv-argentina.com\\\/es\\\/\"},{\"@type\":\"ListItem\",\"position\":2,\"name\":\"SINTESIS INFORMATIVA N\u00b0 02\\\/2018\"}]},{\"@type\":\"WebSite\",\"@id\":\"https:\\\/\\\/arv-argentina.com\\\/es\\\/#website\",\"url\":\"https:\\\/\\\/arv-argentina.com\\\/es\\\/\",\"name\":\"ARV Argentina | Alvarez Roperti Venegas Consultores Tributarios &amp; Auditores\",\"description\":\"Especialistas en Consultor\u00eda Tributaria y Auditor\u00edaEspecialistas en consultor\u00eda Tributaria y Auditor\u00eda\",\"publisher\":{\"@id\":\"https:\\\/\\\/arv-argentina.com\\\/es\\\/#organization\"},\"potentialAction\":[{\"@type\":\"SearchAction\",\"target\":{\"@type\":\"EntryPoint\",\"urlTemplate\":\"https:\\\/\\\/arv-argentina.com\\\/es\\\/?s={search_term_string}\"},\"query-input\":{\"@type\":\"PropertyValueSpecification\",\"valueRequired\":true,\"valueName\":\"search_term_string\"}}],\"inLanguage\":\"es\"},{\"@type\":\"Organization\",\"@id\":\"https:\\\/\\\/arv-argentina.com\\\/es\\\/#organization\",\"name\":\"ARV Argentina\",\"url\":\"https:\\\/\\\/arv-argentina.com\\\/es\\\/\",\"logo\":{\"@type\":\"ImageObject\",\"inLanguage\":\"es\",\"@id\":\"https:\\\/\\\/arv-argentina.com\\\/es\\\/#\\\/schema\\\/logo\\\/image\\\/\",\"url\":\"http:\\\/\\\/arv-argentina.com\\\/wp-content\\\/uploads\\\/2016\\\/10\\\/arv-logo-head1.png\",\"contentUrl\":\"http:\\\/\\\/arv-argentina.com\\\/wp-content\\\/uploads\\\/2016\\\/10\\\/arv-logo-head1.png\",\"width\":133,\"height\":54,\"caption\":\"ARV Argentina\"},\"image\":{\"@id\":\"https:\\\/\\\/arv-argentina.com\\\/es\\\/#\\\/schema\\\/logo\\\/image\\\/\"}},{\"@type\":\"Person\",\"@id\":\"https:\\\/\\\/arv-argentina.com\\\/#\\\/schema\\\/person\\\/b815cf94bd4970ab5da59116912fd46a\",\"name\":\"arvonline\"}]}<\/script>\n<!-- \/ Yoast SEO plugin. -->","yoast_head_json":{"title":"R\u00e9gimen especial de la seguridad social para Personal de Casas Particulares.","description":"Res. Gral (AFIP) 4180-E. B.O 02\/01\/2018. Aportes y contribuciones. Se establecen los valores de las contribuciones y aportes fijos del r\u00e9gimen especial ...","robots":{"index":"index","follow":"follow","max-snippet":"max-snippet:-1","max-image-preview":"max-image-preview:large","max-video-preview":"max-video-preview:-1"},"canonical":"https:\/\/arv-argentina.com\/es\/sintesis-informativa-02-2018\/","og_locale":"es_ES","og_type":"article","og_title":"R\u00e9gimen especial de la seguridad social para Personal de Casas Particulares.","og_description":"Res. Gral (AFIP) 4180-E. B.O 02\/01\/2018. Aportes y contribuciones. Se establecen los valores de las contribuciones y aportes fijos del r\u00e9gimen especial ...","og_url":"https:\/\/arv-argentina.com\/es\/sintesis-informativa-02-2018\/","og_site_name":"ARV Argentina | Alvarez Roperti Venegas Consultores Tributarios &amp; Auditores","article_published_time":"2018-01-04T14:05:02+00:00","article_modified_time":"2018-01-12T22:11:45+00:00","og_image":[{"url":"https:\/\/arv-argentina.com\/wp-content\/uploads\/2018\/01\/Personal-Casas-Particulares-01.png","type":"","width":"","height":""}],"author":"arvonline","twitter_card":"summary_large_image","twitter_misc":{"Escrito por":"arvonline","Tiempo de lectura":"1 minuto"},"schema":{"@context":"https:\/\/schema.org","@graph":[{"@type":"Article","@id":"https:\/\/arv-argentina.com\/sintesis-informativa-02-2018\/#article","isPartOf":{"@id":"https:\/\/arv-argentina.com\/sintesis-informativa-02-2018\/"},"author":{"name":"arvonline","@id":"https:\/\/arv-argentina.com\/#\/schema\/person\/b815cf94bd4970ab5da59116912fd46a"},"headline":"SINTESIS INFORMATIVA N\u00b0 02\/2018","datePublished":"2018-01-04T14:05:02+00:00","dateModified":"2018-01-12T22:11:45+00:00","mainEntityOfPage":{"@id":"https:\/\/arv-argentina.com\/sintesis-informativa-02-2018\/"},"wordCount":197,"publisher":{"@id":"https:\/\/arv-argentina.com\/#organization"},"image":{"@id":"https:\/\/arv-argentina.com\/sintesis-informativa-02-2018\/#primaryimage"},"thumbnailUrl":"https:\/\/arv-argentina.com\/wp-content\/uploads\/2018\/01\/Personal-Casas-Particulares-01.png","articleSection":["S\u00edntesis Informativas"],"inLanguage":"es"},{"@type":"WebPage","@id":"https:\/\/arv-argentina.com\/es\/sintesis-informativa-02-2018\/","url":"https:\/\/arv-argentina.com\/es\/sintesis-informativa-02-2018\/","name":"R\u00e9gimen especial de la seguridad social para Personal de Casas Particulares.","isPartOf":{"@id":"https:\/\/arv-argentina.com\/es\/#website"},"primaryImageOfPage":{"@id":"https:\/\/arv-argentina.com\/es\/sintesis-informativa-02-2018\/#primaryimage"},"image":{"@id":"https:\/\/arv-argentina.com\/sintesis-informativa-02-2018\/#primaryimage"},"thumbnailUrl":"https:\/\/arv-argentina.com\/wp-content\/uploads\/2018\/01\/Personal-Casas-Particulares-01.png","datePublished":"2018-01-04T14:05:02+00:00","dateModified":"2018-01-12T22:11:45+00:00","description":"Res. Gral (AFIP) 4180-E. B.O 02\/01\/2018. Aportes y contribuciones. Se establecen los valores de las contribuciones y aportes fijos del r\u00e9gimen especial ...","breadcrumb":{"@id":"https:\/\/arv-argentina.com\/es\/sintesis-informativa-02-2018\/#breadcrumb"},"inLanguage":"es","potentialAction":[{"@type":"ReadAction","target":[["https:\/\/arv-argentina.com\/es\/sintesis-informativa-02-2018\/"]]}]},{"@type":"ImageObject","inLanguage":"es","@id":"https:\/\/arv-argentina.com\/es\/sintesis-informativa-02-2018\/#primaryimage","url":"https:\/\/arv-argentina.com\/wp-content\/uploads\/2018\/01\/Personal-Casas-Particulares-01.png","contentUrl":"https:\/\/arv-argentina.com\/wp-content\/uploads\/2018\/01\/Personal-Casas-Particulares-01.png"},{"@type":"BreadcrumbList","@id":"https:\/\/arv-argentina.com\/es\/sintesis-informativa-02-2018\/#breadcrumb","itemListElement":[{"@type":"ListItem","position":1,"name":"Portada","item":"https:\/\/arv-argentina.com\/es\/"},{"@type":"ListItem","position":2,"name":"SINTESIS INFORMATIVA N\u00b0 02\/2018"}]},{"@type":"WebSite","@id":"https:\/\/arv-argentina.com\/es\/#website","url":"https:\/\/arv-argentina.com\/es\/","name":"ARV Argentina | Alvarez Roperti Venegas Consultores Tributarios &amp; Auditores","description":"Especialistas en Consultor\u00eda Tributaria y Auditor\u00edaEspecialistas en consultor\u00eda Tributaria y Auditor\u00eda","publisher":{"@id":"https:\/\/arv-argentina.com\/es\/#organization"},"potentialAction":[{"@type":"SearchAction","target":{"@type":"EntryPoint","urlTemplate":"https:\/\/arv-argentina.com\/es\/?s={search_term_string}"},"query-input":{"@type":"PropertyValueSpecification","valueRequired":true,"valueName":"search_term_string"}}],"inLanguage":"es"},{"@type":"Organization","@id":"https:\/\/arv-argentina.com\/es\/#organization","name":"ARV Argentina","url":"https:\/\/arv-argentina.com\/es\/","logo":{"@type":"ImageObject","inLanguage":"es","@id":"https:\/\/arv-argentina.com\/es\/#\/schema\/logo\/image\/","url":"http:\/\/arv-argentina.com\/wp-content\/uploads\/2016\/10\/arv-logo-head1.png","contentUrl":"http:\/\/arv-argentina.com\/wp-content\/uploads\/2016\/10\/arv-logo-head1.png","width":133,"height":54,"caption":"ARV Argentina"},"image":{"@id":"https:\/\/arv-argentina.com\/es\/#\/schema\/logo\/image\/"}},{"@type":"Person","@id":"https:\/\/arv-argentina.com\/#\/schema\/person\/b815cf94bd4970ab5da59116912fd46a","name":"arvonline"}]}},"_links":{"self":[{"href":"https:\/\/arv-argentina.com\/es\/wp-json\/wp\/v2\/posts\/16871","targetHints":{"allow":["GET"]}}],"collection":[{"href":"https:\/\/arv-argentina.com\/es\/wp-json\/wp\/v2\/posts"}],"about":[{"href":"https:\/\/arv-argentina.com\/es\/wp-json\/wp\/v2\/types\/post"}],"author":[{"embeddable":true,"href":"https:\/\/arv-argentina.com\/es\/wp-json\/wp\/v2\/users\/1"}],"replies":[{"embeddable":true,"href":"https:\/\/arv-argentina.com\/es\/wp-json\/wp\/v2\/comments?post=16871"}],"version-history":[{"count":4,"href":"https:\/\/arv-argentina.com\/es\/wp-json\/wp\/v2\/posts\/16871\/revisions"}],"predecessor-version":[{"id":16878,"href":"https:\/\/arv-argentina.com\/es\/wp-json\/wp\/v2\/posts\/16871\/revisions\/16878"}],"wp:attachment":[{"href":"https:\/\/arv-argentina.com\/es\/wp-json\/wp\/v2\/media?parent=16871"}],"wp:term":[{"taxonomy":"category","embeddable":true,"href":"https:\/\/arv-argentina.com\/es\/wp-json\/wp\/v2\/categories?post=16871"},{"taxonomy":"post_tag","embeddable":true,"href":"https:\/\/arv-argentina.com\/es\/wp-json\/wp\/v2\/tags?post=16871"}],"curies":[{"name":"wp","href":"https:\/\/api.w.org\/{rel}","templated":true}]}}