{"id":17560,"date":"2019-12-23T17:22:28","date_gmt":"2019-12-23T20:22:28","guid":{"rendered":"https:\/\/arv-argentina.com\/?p=17560"},"modified":"2019-12-26T11:32:57","modified_gmt":"2019-12-26T14:32:57","slug":"sintesis-informativa-58-2019","status":"publish","type":"post","link":"https:\/\/arv-argentina.com\/es\/sintesis-informativa-58-2019\/","title":{"rendered":"SINTESIS INFORMATIVA N\u00b0 58\/2019"},"content":{"rendered":"<p><\/p>\n<p style=\"text-align: justify;\"><strong>Ley de Solidaridad y Reactivaci\u00f3n Productiva en el Marco de la Emergencia P\u00fablica 27541, Capitulo 3. Seguridad Social. Contribuciones Patronales. Suplemento Especial B.O. 23\/12\/2019.<\/strong><\/p>\n<p style=\"text-align: justify;\">\n<p style=\"text-align: justify;\"><strong>Se establecen las al\u00edcuotas contributivas<\/strong><\/p>\n<p style=\"text-align: justify;\"><img loading=\"lazy\" decoding=\"async\" class=\"alignnone size-full wp-image-17561\" src=\"https:\/\/arv-argentina.com\/wp-content\/uploads\/2019\/12\/alicuotas-contributivas-2020.png\" alt=\"Seguridad Social. Contribuciones Patronales\" width=\"832\" height=\"175\" srcset=\"https:\/\/arv-argentina.com\/wp-content\/uploads\/2019\/12\/alicuotas-contributivas-2020.png 832w, https:\/\/arv-argentina.com\/wp-content\/uploads\/2019\/12\/alicuotas-contributivas-2020-300x63.png 300w, https:\/\/arv-argentina.com\/wp-content\/uploads\/2019\/12\/alicuotas-contributivas-2020-768x162.png 768w, https:\/\/arv-argentina.com\/wp-content\/uploads\/2019\/12\/alicuotas-contributivas-2020-700x147.png 700w\" sizes=\"auto, (max-width: 832px) 100vw, 832px\" \/><\/p>\n<p style=\"text-align: justify;\">\n<p><strong>Detracci\u00f3n de las contribuciones patronales<\/strong><\/p>\n<p style=\"text-align: justify;\">El monto total del m\u00ednimo no imponible previsional a detraer para el c\u00e1lculo de las contribuciones patronales, se fij\u00f3 en $ $ 7.003,68 para aquellos que utilizan la escala gradual, y en $ 17.509,20, para aquellas actividades que tienen permitido aplicar el monto total del m\u00ednimo no imponible previsional.<\/p>\n<p style=\"text-align: justify;\">Se incorpora una detracci\u00f3n adicional de $ 10.000 para los empleadores que tengan una n\u00f3mina de hasta 25 empleados.<\/p>\n<p style=\"text-align: justify;\"><strong>Cr\u00e9dito Fiscal<\/strong><\/p>\n<p style=\"text-align: justify;\">Se reestablece, a pesar de derogar el decreto 814\/2001 el beneficio de tomar como cr\u00e9dito fiscal del IVA una porci\u00f3n de las contribuciones abonadas por el empleador.<\/p>\n<p style=\"text-align: justify;\">\n<p style=\"text-align: justify;\">\n<p style=\"text-align: justify;\">Ciudad Aut\u00f3noma de Buenos Aires, diciembre de 2019.<\/p>\n<p><\/p>","protected":false},"excerpt":{"rendered":"<p>Ley de Solidaridad y Reactivaci\u00f3n Productiva en el Marco de la Emergencia P\u00fablica 27541, Capitulo 3. Seguridad Social. Contribuciones Patronales. Suplemento Especial B.O. 23\/12\/2019. Se establecen las al\u00edcuotas contributivas Detracci\u00f3n de las contribuciones patronales El monto total del m\u00ednimo no imponible previsional a detraer para&#8230;<\/p>\n","protected":false},"author":1,"featured_media":0,"comment_status":"closed","ping_status":"closed","sticky":false,"template":"","format":"standard","meta":{"footnotes":""},"categories":[62],"tags":[],"class_list":["post-17560","post","type-post","status-publish","format-standard","hentry","category-sintesis-informativas"],"yoast_head":"<!-- This site is optimized with the Yoast SEO plugin v27.4 - https:\/\/yoast.com\/product\/yoast-seo-wordpress\/ -->\n<title>Ley de Solidaridad y Reactivaci\u00f3n Productiva \/ Emergencia P\u00fablica 27541<\/title>\n<meta name=\"description\" content=\"Ley de Solidaridad y Reactivaci\u00f3n Productiva. Emergencia P\u00fablica 27541, Capitulo 3. Seguridad Social. Contribuciones Patronales.\" \/>\n<meta name=\"robots\" content=\"index, follow, max-snippet:-1, max-image-preview:large, max-video-preview:-1\" \/>\n<link rel=\"canonical\" href=\"https:\/\/arv-argentina.com\/es\/sintesis-informativa-58-2019\/\" \/>\n<meta property=\"og:locale\" content=\"es_ES\" \/>\n<meta property=\"og:type\" content=\"article\" \/>\n<meta property=\"og:title\" content=\"Ley de Solidaridad y Reactivaci\u00f3n Productiva \/ Emergencia P\u00fablica 27541\" \/>\n<meta property=\"og:description\" content=\"Ley de Solidaridad y Reactivaci\u00f3n Productiva. Emergencia P\u00fablica 27541, Capitulo 3. Seguridad Social. Contribuciones Patronales.\" \/>\n<meta property=\"og:url\" content=\"https:\/\/arv-argentina.com\/es\/sintesis-informativa-58-2019\/\" \/>\n<meta property=\"og:site_name\" content=\"ARV Argentina | Alvarez Roperti Venegas Consultores Tributarios &amp; Auditores\" \/>\n<meta property=\"article:published_time\" content=\"2019-12-23T20:22:28+00:00\" \/>\n<meta property=\"article:modified_time\" content=\"2019-12-26T14:32:57+00:00\" \/>\n<meta property=\"og:image\" content=\"https:\/\/arv-argentina.com\/wp-content\/uploads\/2019\/12\/alicuotas-contributivas-2020.png\" \/>\n<meta name=\"author\" content=\"arvonline\" \/>\n<meta name=\"twitter:card\" content=\"summary_large_image\" \/>\n<meta name=\"twitter:label1\" content=\"Escrito por\" \/>\n\t<meta name=\"twitter:data1\" content=\"arvonline\" \/>\n\t<meta name=\"twitter:label2\" content=\"Tiempo de lectura\" \/>\n\t<meta name=\"twitter:data2\" content=\"1 minuto\" \/>\n<script type=\"application\/ld+json\" class=\"yoast-schema-graph\">{\"@context\":\"https:\\\/\\\/schema.org\",\"@graph\":[{\"@type\":\"Article\",\"@id\":\"https:\\\/\\\/arv-argentina.com\\\/sintesis-informativa-58-2019\\\/#article\",\"isPartOf\":{\"@id\":\"https:\\\/\\\/arv-argentina.com\\\/sintesis-informativa-58-2019\\\/\"},\"author\":{\"name\":\"arvonline\",\"@id\":\"https:\\\/\\\/arv-argentina.com\\\/#\\\/schema\\\/person\\\/b815cf94bd4970ab5da59116912fd46a\"},\"headline\":\"SINTESIS INFORMATIVA N\u00b0 58\\\/2019\",\"datePublished\":\"2019-12-23T20:22:28+00:00\",\"dateModified\":\"2019-12-26T14:32:57+00:00\",\"mainEntityOfPage\":{\"@id\":\"https:\\\/\\\/arv-argentina.com\\\/sintesis-informativa-58-2019\\\/\"},\"wordCount\":145,\"publisher\":{\"@id\":\"https:\\\/\\\/arv-argentina.com\\\/#organization\"},\"image\":{\"@id\":\"https:\\\/\\\/arv-argentina.com\\\/sintesis-informativa-58-2019\\\/#primaryimage\"},\"thumbnailUrl\":\"https:\\\/\\\/arv-argentina.com\\\/wp-content\\\/uploads\\\/2019\\\/12\\\/alicuotas-contributivas-2020.png\",\"articleSection\":[\"S\u00edntesis Informativas\"],\"inLanguage\":\"es\"},{\"@type\":\"WebPage\",\"@id\":\"https:\\\/\\\/arv-argentina.com\\\/es\\\/sintesis-informativa-58-2019\\\/\",\"url\":\"https:\\\/\\\/arv-argentina.com\\\/es\\\/sintesis-informativa-58-2019\\\/\",\"name\":\"Ley de Solidaridad y Reactivaci\u00f3n Productiva \\\/ Emergencia P\u00fablica 27541\",\"isPartOf\":{\"@id\":\"https:\\\/\\\/arv-argentina.com\\\/es\\\/#website\"},\"primaryImageOfPage\":{\"@id\":\"https:\\\/\\\/arv-argentina.com\\\/es\\\/sintesis-informativa-58-2019\\\/#primaryimage\"},\"image\":{\"@id\":\"https:\\\/\\\/arv-argentina.com\\\/sintesis-informativa-58-2019\\\/#primaryimage\"},\"thumbnailUrl\":\"https:\\\/\\\/arv-argentina.com\\\/wp-content\\\/uploads\\\/2019\\\/12\\\/alicuotas-contributivas-2020.png\",\"datePublished\":\"2019-12-23T20:22:28+00:00\",\"dateModified\":\"2019-12-26T14:32:57+00:00\",\"description\":\"Ley de Solidaridad y Reactivaci\u00f3n Productiva. Emergencia P\u00fablica 27541, Capitulo 3. Seguridad Social. Contribuciones Patronales.\",\"breadcrumb\":{\"@id\":\"https:\\\/\\\/arv-argentina.com\\\/es\\\/sintesis-informativa-58-2019\\\/#breadcrumb\"},\"inLanguage\":\"es\",\"potentialAction\":[{\"@type\":\"ReadAction\",\"target\":[[\"https:\\\/\\\/arv-argentina.com\\\/es\\\/sintesis-informativa-58-2019\\\/\"]]}]},{\"@type\":\"ImageObject\",\"inLanguage\":\"es\",\"@id\":\"https:\\\/\\\/arv-argentina.com\\\/es\\\/sintesis-informativa-58-2019\\\/#primaryimage\",\"url\":\"https:\\\/\\\/arv-argentina.com\\\/wp-content\\\/uploads\\\/2019\\\/12\\\/alicuotas-contributivas-2020.png\",\"contentUrl\":\"https:\\\/\\\/arv-argentina.com\\\/wp-content\\\/uploads\\\/2019\\\/12\\\/alicuotas-contributivas-2020.png\"},{\"@type\":\"BreadcrumbList\",\"@id\":\"https:\\\/\\\/arv-argentina.com\\\/es\\\/sintesis-informativa-58-2019\\\/#breadcrumb\",\"itemListElement\":[{\"@type\":\"ListItem\",\"position\":1,\"name\":\"Portada\",\"item\":\"https:\\\/\\\/arv-argentina.com\\\/es\\\/\"},{\"@type\":\"ListItem\",\"position\":2,\"name\":\"SINTESIS INFORMATIVA N\u00b0 58\\\/2019\"}]},{\"@type\":\"WebSite\",\"@id\":\"https:\\\/\\\/arv-argentina.com\\\/es\\\/#website\",\"url\":\"https:\\\/\\\/arv-argentina.com\\\/es\\\/\",\"name\":\"ARV Argentina | Alvarez Roperti Venegas Consultores Tributarios &amp; Auditores\",\"description\":\"Especialistas en Consultor\u00eda Tributaria y Auditor\u00edaEspecialistas en consultor\u00eda Tributaria y Auditor\u00eda\",\"publisher\":{\"@id\":\"https:\\\/\\\/arv-argentina.com\\\/es\\\/#organization\"},\"potentialAction\":[{\"@type\":\"SearchAction\",\"target\":{\"@type\":\"EntryPoint\",\"urlTemplate\":\"https:\\\/\\\/arv-argentina.com\\\/es\\\/?s={search_term_string}\"},\"query-input\":{\"@type\":\"PropertyValueSpecification\",\"valueRequired\":true,\"valueName\":\"search_term_string\"}}],\"inLanguage\":\"es\"},{\"@type\":\"Organization\",\"@id\":\"https:\\\/\\\/arv-argentina.com\\\/es\\\/#organization\",\"name\":\"ARV Argentina\",\"url\":\"https:\\\/\\\/arv-argentina.com\\\/es\\\/\",\"logo\":{\"@type\":\"ImageObject\",\"inLanguage\":\"es\",\"@id\":\"https:\\\/\\\/arv-argentina.com\\\/es\\\/#\\\/schema\\\/logo\\\/image\\\/\",\"url\":\"http:\\\/\\\/arv-argentina.com\\\/wp-content\\\/uploads\\\/2016\\\/10\\\/arv-logo-head1.png\",\"contentUrl\":\"http:\\\/\\\/arv-argentina.com\\\/wp-content\\\/uploads\\\/2016\\\/10\\\/arv-logo-head1.png\",\"width\":133,\"height\":54,\"caption\":\"ARV Argentina\"},\"image\":{\"@id\":\"https:\\\/\\\/arv-argentina.com\\\/es\\\/#\\\/schema\\\/logo\\\/image\\\/\"}},{\"@type\":\"Person\",\"@id\":\"https:\\\/\\\/arv-argentina.com\\\/#\\\/schema\\\/person\\\/b815cf94bd4970ab5da59116912fd46a\",\"name\":\"arvonline\"}]}<\/script>\n<!-- \/ Yoast SEO plugin. -->","yoast_head_json":{"title":"Ley de Solidaridad y Reactivaci\u00f3n Productiva \/ Emergencia P\u00fablica 27541","description":"Ley de Solidaridad y Reactivaci\u00f3n Productiva. Emergencia P\u00fablica 27541, Capitulo 3. Seguridad Social. Contribuciones Patronales.","robots":{"index":"index","follow":"follow","max-snippet":"max-snippet:-1","max-image-preview":"max-image-preview:large","max-video-preview":"max-video-preview:-1"},"canonical":"https:\/\/arv-argentina.com\/es\/sintesis-informativa-58-2019\/","og_locale":"es_ES","og_type":"article","og_title":"Ley de Solidaridad y Reactivaci\u00f3n Productiva \/ Emergencia P\u00fablica 27541","og_description":"Ley de Solidaridad y Reactivaci\u00f3n Productiva. Emergencia P\u00fablica 27541, Capitulo 3. Seguridad Social. Contribuciones Patronales.","og_url":"https:\/\/arv-argentina.com\/es\/sintesis-informativa-58-2019\/","og_site_name":"ARV Argentina | Alvarez Roperti Venegas Consultores Tributarios &amp; Auditores","article_published_time":"2019-12-23T20:22:28+00:00","article_modified_time":"2019-12-26T14:32:57+00:00","og_image":[{"url":"https:\/\/arv-argentina.com\/wp-content\/uploads\/2019\/12\/alicuotas-contributivas-2020.png","type":"","width":"","height":""}],"author":"arvonline","twitter_card":"summary_large_image","twitter_misc":{"Escrito por":"arvonline","Tiempo de lectura":"1 minuto"},"schema":{"@context":"https:\/\/schema.org","@graph":[{"@type":"Article","@id":"https:\/\/arv-argentina.com\/sintesis-informativa-58-2019\/#article","isPartOf":{"@id":"https:\/\/arv-argentina.com\/sintesis-informativa-58-2019\/"},"author":{"name":"arvonline","@id":"https:\/\/arv-argentina.com\/#\/schema\/person\/b815cf94bd4970ab5da59116912fd46a"},"headline":"SINTESIS INFORMATIVA N\u00b0 58\/2019","datePublished":"2019-12-23T20:22:28+00:00","dateModified":"2019-12-26T14:32:57+00:00","mainEntityOfPage":{"@id":"https:\/\/arv-argentina.com\/sintesis-informativa-58-2019\/"},"wordCount":145,"publisher":{"@id":"https:\/\/arv-argentina.com\/#organization"},"image":{"@id":"https:\/\/arv-argentina.com\/sintesis-informativa-58-2019\/#primaryimage"},"thumbnailUrl":"https:\/\/arv-argentina.com\/wp-content\/uploads\/2019\/12\/alicuotas-contributivas-2020.png","articleSection":["S\u00edntesis Informativas"],"inLanguage":"es"},{"@type":"WebPage","@id":"https:\/\/arv-argentina.com\/es\/sintesis-informativa-58-2019\/","url":"https:\/\/arv-argentina.com\/es\/sintesis-informativa-58-2019\/","name":"Ley de Solidaridad y Reactivaci\u00f3n Productiva \/ Emergencia P\u00fablica 27541","isPartOf":{"@id":"https:\/\/arv-argentina.com\/es\/#website"},"primaryImageOfPage":{"@id":"https:\/\/arv-argentina.com\/es\/sintesis-informativa-58-2019\/#primaryimage"},"image":{"@id":"https:\/\/arv-argentina.com\/sintesis-informativa-58-2019\/#primaryimage"},"thumbnailUrl":"https:\/\/arv-argentina.com\/wp-content\/uploads\/2019\/12\/alicuotas-contributivas-2020.png","datePublished":"2019-12-23T20:22:28+00:00","dateModified":"2019-12-26T14:32:57+00:00","description":"Ley de Solidaridad y Reactivaci\u00f3n Productiva. Emergencia P\u00fablica 27541, Capitulo 3. Seguridad Social. Contribuciones Patronales.","breadcrumb":{"@id":"https:\/\/arv-argentina.com\/es\/sintesis-informativa-58-2019\/#breadcrumb"},"inLanguage":"es","potentialAction":[{"@type":"ReadAction","target":[["https:\/\/arv-argentina.com\/es\/sintesis-informativa-58-2019\/"]]}]},{"@type":"ImageObject","inLanguage":"es","@id":"https:\/\/arv-argentina.com\/es\/sintesis-informativa-58-2019\/#primaryimage","url":"https:\/\/arv-argentina.com\/wp-content\/uploads\/2019\/12\/alicuotas-contributivas-2020.png","contentUrl":"https:\/\/arv-argentina.com\/wp-content\/uploads\/2019\/12\/alicuotas-contributivas-2020.png"},{"@type":"BreadcrumbList","@id":"https:\/\/arv-argentina.com\/es\/sintesis-informativa-58-2019\/#breadcrumb","itemListElement":[{"@type":"ListItem","position":1,"name":"Portada","item":"https:\/\/arv-argentina.com\/es\/"},{"@type":"ListItem","position":2,"name":"SINTESIS INFORMATIVA N\u00b0 58\/2019"}]},{"@type":"WebSite","@id":"https:\/\/arv-argentina.com\/es\/#website","url":"https:\/\/arv-argentina.com\/es\/","name":"ARV Argentina | Alvarez Roperti Venegas Consultores Tributarios &amp; Auditores","description":"Especialistas en Consultor\u00eda Tributaria y Auditor\u00edaEspecialistas en consultor\u00eda Tributaria y Auditor\u00eda","publisher":{"@id":"https:\/\/arv-argentina.com\/es\/#organization"},"potentialAction":[{"@type":"SearchAction","target":{"@type":"EntryPoint","urlTemplate":"https:\/\/arv-argentina.com\/es\/?s={search_term_string}"},"query-input":{"@type":"PropertyValueSpecification","valueRequired":true,"valueName":"search_term_string"}}],"inLanguage":"es"},{"@type":"Organization","@id":"https:\/\/arv-argentina.com\/es\/#organization","name":"ARV Argentina","url":"https:\/\/arv-argentina.com\/es\/","logo":{"@type":"ImageObject","inLanguage":"es","@id":"https:\/\/arv-argentina.com\/es\/#\/schema\/logo\/image\/","url":"http:\/\/arv-argentina.com\/wp-content\/uploads\/2016\/10\/arv-logo-head1.png","contentUrl":"http:\/\/arv-argentina.com\/wp-content\/uploads\/2016\/10\/arv-logo-head1.png","width":133,"height":54,"caption":"ARV Argentina"},"image":{"@id":"https:\/\/arv-argentina.com\/es\/#\/schema\/logo\/image\/"}},{"@type":"Person","@id":"https:\/\/arv-argentina.com\/#\/schema\/person\/b815cf94bd4970ab5da59116912fd46a","name":"arvonline"}]}},"_links":{"self":[{"href":"https:\/\/arv-argentina.com\/es\/wp-json\/wp\/v2\/posts\/17560","targetHints":{"allow":["GET"]}}],"collection":[{"href":"https:\/\/arv-argentina.com\/es\/wp-json\/wp\/v2\/posts"}],"about":[{"href":"https:\/\/arv-argentina.com\/es\/wp-json\/wp\/v2\/types\/post"}],"author":[{"embeddable":true,"href":"https:\/\/arv-argentina.com\/es\/wp-json\/wp\/v2\/users\/1"}],"replies":[{"embeddable":true,"href":"https:\/\/arv-argentina.com\/es\/wp-json\/wp\/v2\/comments?post=17560"}],"version-history":[{"count":3,"href":"https:\/\/arv-argentina.com\/es\/wp-json\/wp\/v2\/posts\/17560\/revisions"}],"predecessor-version":[{"id":17564,"href":"https:\/\/arv-argentina.com\/es\/wp-json\/wp\/v2\/posts\/17560\/revisions\/17564"}],"wp:attachment":[{"href":"https:\/\/arv-argentina.com\/es\/wp-json\/wp\/v2\/media?parent=17560"}],"wp:term":[{"taxonomy":"category","embeddable":true,"href":"https:\/\/arv-argentina.com\/es\/wp-json\/wp\/v2\/categories?post=17560"},{"taxonomy":"post_tag","embeddable":true,"href":"https:\/\/arv-argentina.com\/es\/wp-json\/wp\/v2\/tags?post=17560"}],"curies":[{"name":"wp","href":"https:\/\/api.w.org\/{rel}","templated":true}]}}