{"id":17710,"date":"2020-04-07T11:34:02","date_gmt":"2020-04-07T14:34:02","guid":{"rendered":"https:\/\/arv-argentina.com\/?p=17710"},"modified":"2020-04-07T11:34:02","modified_gmt":"2020-04-07T14:34:02","slug":"sintesis-informativa-28-2020","status":"publish","type":"post","link":"https:\/\/arv-argentina.com\/es\/sintesis-informativa-28-2020\/","title":{"rendered":"SINTESIS INFORMATIVA N\u00b0 28\/2020"},"content":{"rendered":"<p><strong>CNV RG 832\/20 &#8211; Estados financieros intermedios y anuales. Ampliaci\u00f3n del plazo de presentaci\u00f3n.<\/strong><\/p>\n<p>La Comisi\u00f3n Nacional de Valores ha dictado la Resoluci\u00f3n General N\u00ba 832\/20 que dispone la ampliaci\u00f3n del plazo de presentaci\u00f3n de los estados financieros de las entidades emisoras, los Fondos Comunes de Inversi\u00f3n Cerrados y los Fideicomisos Financieros, que se encuentren en el r\u00e9gimen de oferta p\u00fablica de valores negociables.<\/p>\n<p>Para los per\u00edodos Anuales con cierre el 31 de enero de 2020, el 29 de febrero de 2020 y el 31 de marzo de 2020, e Intermedios con cierre el 29 de febrero de 2020 <strong>y el 31 de marzo de 2020<\/strong>, deber\u00e1n ser presentados en los siguientes plazos:<\/p>\n<ol>\n<li>Para los per\u00edodos intermedios, dentro de los SETENTA (70) d\u00edas corridos de cerrado el trimestre, o dentro de los DOS (2) d\u00edas de su aprobaci\u00f3n por el \u00f3rgano de administraci\u00f3n, lo que ocurra primero. <strong><u>(osea el 09-06-2020)<\/u><\/strong><\/li>\n<li>Para los ejercicios anuales, dentro de los NOVENTA (90) d\u00edas corridos de finalizado el mismo, o dentro de los DOS (2) d\u00edas de su aprobaci\u00f3n por el \u00f3rgano de administraci\u00f3n, lo que ocurra primero.<\/li>\n<\/ol>\n<p>&nbsp;<\/p>\n<p>Esta resoluci\u00f3n regir\u00e1 a partir del d\u00eda 07\/04\/2020.<\/p>\n<p>&nbsp;<\/p>\n<p>Ciudad Aut\u00f3noma de Buenos Aires, abril de 2020.<\/p>","protected":false},"excerpt":{"rendered":"<p>CNV RG 832\/20 &#8211; Estados financieros intermedios y anuales. Ampliaci\u00f3n del plazo de presentaci\u00f3n. La Comisi\u00f3n Nacional de Valores ha dictado la Resoluci\u00f3n General N\u00ba 832\/20 que dispone la ampliaci\u00f3n del plazo de presentaci\u00f3n de los estados financieros de las entidades emisoras, los Fondos Comunes&#8230;<\/p>\n","protected":false},"author":1,"featured_media":0,"comment_status":"closed","ping_status":"closed","sticky":false,"template":"","format":"standard","meta":{"footnotes":""},"categories":[62],"tags":[],"class_list":["post-17710","post","type-post","status-publish","format-standard","hentry","category-sintesis-informativas"],"yoast_head":"<!-- This site is optimized with the Yoast SEO plugin v27.4 - https:\/\/yoast.com\/product\/yoast-seo-wordpress\/ -->\n<title>CNV RG 832\/20 - Estados financieros intermedios y anuales. Ampliaci\u00f3n ...<\/title>\n<meta name=\"description\" content=\"La Comisi\u00f3n Nacional de Valores ha dictado la RG N\u00ba 832\/20 que dispone la ampliaci\u00f3n del plazo de presentaci\u00f3n de los estados financieros\" \/>\n<meta name=\"robots\" content=\"index, follow, max-snippet:-1, max-image-preview:large, max-video-preview:-1\" \/>\n<link rel=\"canonical\" href=\"https:\/\/arv-argentina.com\/es\/sintesis-informativa-28-2020\/\" \/>\n<meta property=\"og:locale\" content=\"es_ES\" \/>\n<meta property=\"og:type\" content=\"article\" \/>\n<meta property=\"og:title\" content=\"CNV RG 832\/20 - Estados financieros intermedios y anuales. Ampliaci\u00f3n ...\" \/>\n<meta property=\"og:description\" content=\"La Comisi\u00f3n Nacional de Valores ha dictado la RG N\u00ba 832\/20 que dispone la ampliaci\u00f3n del plazo de presentaci\u00f3n de los estados financieros\" \/>\n<meta property=\"og:url\" content=\"https:\/\/arv-argentina.com\/es\/sintesis-informativa-28-2020\/\" \/>\n<meta property=\"og:site_name\" content=\"ARV Argentina | Alvarez Roperti Venegas Consultores Tributarios &amp; Auditores\" \/>\n<meta property=\"article:published_time\" content=\"2020-04-07T14:34:02+00:00\" \/>\n<meta name=\"author\" content=\"arvonline\" \/>\n<meta name=\"twitter:card\" content=\"summary_large_image\" \/>\n<meta name=\"twitter:label1\" content=\"Escrito por\" \/>\n\t<meta name=\"twitter:data1\" content=\"arvonline\" \/>\n\t<meta name=\"twitter:label2\" content=\"Tiempo de lectura\" \/>\n\t<meta name=\"twitter:data2\" content=\"1 minuto\" \/>\n<script type=\"application\/ld+json\" class=\"yoast-schema-graph\">{\"@context\":\"https:\\\/\\\/schema.org\",\"@graph\":[{\"@type\":\"Article\",\"@id\":\"https:\\\/\\\/arv-argentina.com\\\/sintesis-informativa-28-2020\\\/#article\",\"isPartOf\":{\"@id\":\"https:\\\/\\\/arv-argentina.com\\\/sintesis-informativa-28-2020\\\/\"},\"author\":{\"name\":\"arvonline\",\"@id\":\"https:\\\/\\\/arv-argentina.com\\\/#\\\/schema\\\/person\\\/b815cf94bd4970ab5da59116912fd46a\"},\"headline\":\"SINTESIS INFORMATIVA N\u00b0 28\\\/2020\",\"datePublished\":\"2020-04-07T14:34:02+00:00\",\"mainEntityOfPage\":{\"@id\":\"https:\\\/\\\/arv-argentina.com\\\/sintesis-informativa-28-2020\\\/\"},\"wordCount\":213,\"publisher\":{\"@id\":\"https:\\\/\\\/arv-argentina.com\\\/#organization\"},\"articleSection\":[\"S\u00edntesis Informativas\"],\"inLanguage\":\"es\"},{\"@type\":\"WebPage\",\"@id\":\"https:\\\/\\\/arv-argentina.com\\\/es\\\/sintesis-informativa-28-2020\\\/\",\"url\":\"https:\\\/\\\/arv-argentina.com\\\/es\\\/sintesis-informativa-28-2020\\\/\",\"name\":\"CNV RG 832\\\/20 - Estados financieros intermedios y anuales. Ampliaci\u00f3n ...\",\"isPartOf\":{\"@id\":\"https:\\\/\\\/arv-argentina.com\\\/es\\\/#website\"},\"datePublished\":\"2020-04-07T14:34:02+00:00\",\"description\":\"La Comisi\u00f3n Nacional de Valores ha dictado la RG N\u00ba 832\\\/20 que dispone la ampliaci\u00f3n del plazo de presentaci\u00f3n de los estados financieros\",\"breadcrumb\":{\"@id\":\"https:\\\/\\\/arv-argentina.com\\\/es\\\/sintesis-informativa-28-2020\\\/#breadcrumb\"},\"inLanguage\":\"es\",\"potentialAction\":[{\"@type\":\"ReadAction\",\"target\":[[\"https:\\\/\\\/arv-argentina.com\\\/es\\\/sintesis-informativa-28-2020\\\/\"]]}]},{\"@type\":\"BreadcrumbList\",\"@id\":\"https:\\\/\\\/arv-argentina.com\\\/es\\\/sintesis-informativa-28-2020\\\/#breadcrumb\",\"itemListElement\":[{\"@type\":\"ListItem\",\"position\":1,\"name\":\"Portada\",\"item\":\"https:\\\/\\\/arv-argentina.com\\\/es\\\/\"},{\"@type\":\"ListItem\",\"position\":2,\"name\":\"SINTESIS INFORMATIVA N\u00b0 28\\\/2020\"}]},{\"@type\":\"WebSite\",\"@id\":\"https:\\\/\\\/arv-argentina.com\\\/es\\\/#website\",\"url\":\"https:\\\/\\\/arv-argentina.com\\\/es\\\/\",\"name\":\"ARV Argentina | Alvarez Roperti Venegas Consultores Tributarios &amp; Auditores\",\"description\":\"Especialistas en Consultor\u00eda Tributaria y Auditor\u00edaEspecialistas en consultor\u00eda Tributaria y Auditor\u00eda\",\"publisher\":{\"@id\":\"https:\\\/\\\/arv-argentina.com\\\/es\\\/#organization\"},\"potentialAction\":[{\"@type\":\"SearchAction\",\"target\":{\"@type\":\"EntryPoint\",\"urlTemplate\":\"https:\\\/\\\/arv-argentina.com\\\/es\\\/?s={search_term_string}\"},\"query-input\":{\"@type\":\"PropertyValueSpecification\",\"valueRequired\":true,\"valueName\":\"search_term_string\"}}],\"inLanguage\":\"es\"},{\"@type\":\"Organization\",\"@id\":\"https:\\\/\\\/arv-argentina.com\\\/es\\\/#organization\",\"name\":\"ARV Argentina\",\"url\":\"https:\\\/\\\/arv-argentina.com\\\/es\\\/\",\"logo\":{\"@type\":\"ImageObject\",\"inLanguage\":\"es\",\"@id\":\"https:\\\/\\\/arv-argentina.com\\\/es\\\/#\\\/schema\\\/logo\\\/image\\\/\",\"url\":\"http:\\\/\\\/arv-argentina.com\\\/wp-content\\\/uploads\\\/2016\\\/10\\\/arv-logo-head1.png\",\"contentUrl\":\"http:\\\/\\\/arv-argentina.com\\\/wp-content\\\/uploads\\\/2016\\\/10\\\/arv-logo-head1.png\",\"width\":133,\"height\":54,\"caption\":\"ARV Argentina\"},\"image\":{\"@id\":\"https:\\\/\\\/arv-argentina.com\\\/es\\\/#\\\/schema\\\/logo\\\/image\\\/\"}},{\"@type\":\"Person\",\"@id\":\"https:\\\/\\\/arv-argentina.com\\\/#\\\/schema\\\/person\\\/b815cf94bd4970ab5da59116912fd46a\",\"name\":\"arvonline\"}]}<\/script>\n<!-- \/ Yoast SEO plugin. -->","yoast_head_json":{"title":"CNV RG 832\/20 - Estados financieros intermedios y anuales. Ampliaci\u00f3n ...","description":"La Comisi\u00f3n Nacional de Valores ha dictado la RG N\u00ba 832\/20 que dispone la ampliaci\u00f3n del plazo de presentaci\u00f3n de los estados financieros","robots":{"index":"index","follow":"follow","max-snippet":"max-snippet:-1","max-image-preview":"max-image-preview:large","max-video-preview":"max-video-preview:-1"},"canonical":"https:\/\/arv-argentina.com\/es\/sintesis-informativa-28-2020\/","og_locale":"es_ES","og_type":"article","og_title":"CNV RG 832\/20 - Estados financieros intermedios y anuales. Ampliaci\u00f3n ...","og_description":"La Comisi\u00f3n Nacional de Valores ha dictado la RG N\u00ba 832\/20 que dispone la ampliaci\u00f3n del plazo de presentaci\u00f3n de los estados financieros","og_url":"https:\/\/arv-argentina.com\/es\/sintesis-informativa-28-2020\/","og_site_name":"ARV Argentina | Alvarez Roperti Venegas Consultores Tributarios &amp; Auditores","article_published_time":"2020-04-07T14:34:02+00:00","author":"arvonline","twitter_card":"summary_large_image","twitter_misc":{"Escrito por":"arvonline","Tiempo de lectura":"1 minuto"},"schema":{"@context":"https:\/\/schema.org","@graph":[{"@type":"Article","@id":"https:\/\/arv-argentina.com\/sintesis-informativa-28-2020\/#article","isPartOf":{"@id":"https:\/\/arv-argentina.com\/sintesis-informativa-28-2020\/"},"author":{"name":"arvonline","@id":"https:\/\/arv-argentina.com\/#\/schema\/person\/b815cf94bd4970ab5da59116912fd46a"},"headline":"SINTESIS INFORMATIVA N\u00b0 28\/2020","datePublished":"2020-04-07T14:34:02+00:00","mainEntityOfPage":{"@id":"https:\/\/arv-argentina.com\/sintesis-informativa-28-2020\/"},"wordCount":213,"publisher":{"@id":"https:\/\/arv-argentina.com\/#organization"},"articleSection":["S\u00edntesis Informativas"],"inLanguage":"es"},{"@type":"WebPage","@id":"https:\/\/arv-argentina.com\/es\/sintesis-informativa-28-2020\/","url":"https:\/\/arv-argentina.com\/es\/sintesis-informativa-28-2020\/","name":"CNV RG 832\/20 - Estados financieros intermedios y anuales. Ampliaci\u00f3n ...","isPartOf":{"@id":"https:\/\/arv-argentina.com\/es\/#website"},"datePublished":"2020-04-07T14:34:02+00:00","description":"La Comisi\u00f3n Nacional de Valores ha dictado la RG N\u00ba 832\/20 que dispone la ampliaci\u00f3n del plazo de presentaci\u00f3n de los estados financieros","breadcrumb":{"@id":"https:\/\/arv-argentina.com\/es\/sintesis-informativa-28-2020\/#breadcrumb"},"inLanguage":"es","potentialAction":[{"@type":"ReadAction","target":[["https:\/\/arv-argentina.com\/es\/sintesis-informativa-28-2020\/"]]}]},{"@type":"BreadcrumbList","@id":"https:\/\/arv-argentina.com\/es\/sintesis-informativa-28-2020\/#breadcrumb","itemListElement":[{"@type":"ListItem","position":1,"name":"Portada","item":"https:\/\/arv-argentina.com\/es\/"},{"@type":"ListItem","position":2,"name":"SINTESIS INFORMATIVA N\u00b0 28\/2020"}]},{"@type":"WebSite","@id":"https:\/\/arv-argentina.com\/es\/#website","url":"https:\/\/arv-argentina.com\/es\/","name":"ARV Argentina | Alvarez Roperti Venegas Consultores Tributarios &amp; Auditores","description":"Especialistas en Consultor\u00eda Tributaria y Auditor\u00edaEspecialistas en consultor\u00eda Tributaria y Auditor\u00eda","publisher":{"@id":"https:\/\/arv-argentina.com\/es\/#organization"},"potentialAction":[{"@type":"SearchAction","target":{"@type":"EntryPoint","urlTemplate":"https:\/\/arv-argentina.com\/es\/?s={search_term_string}"},"query-input":{"@type":"PropertyValueSpecification","valueRequired":true,"valueName":"search_term_string"}}],"inLanguage":"es"},{"@type":"Organization","@id":"https:\/\/arv-argentina.com\/es\/#organization","name":"ARV Argentina","url":"https:\/\/arv-argentina.com\/es\/","logo":{"@type":"ImageObject","inLanguage":"es","@id":"https:\/\/arv-argentina.com\/es\/#\/schema\/logo\/image\/","url":"http:\/\/arv-argentina.com\/wp-content\/uploads\/2016\/10\/arv-logo-head1.png","contentUrl":"http:\/\/arv-argentina.com\/wp-content\/uploads\/2016\/10\/arv-logo-head1.png","width":133,"height":54,"caption":"ARV Argentina"},"image":{"@id":"https:\/\/arv-argentina.com\/es\/#\/schema\/logo\/image\/"}},{"@type":"Person","@id":"https:\/\/arv-argentina.com\/#\/schema\/person\/b815cf94bd4970ab5da59116912fd46a","name":"arvonline"}]}},"_links":{"self":[{"href":"https:\/\/arv-argentina.com\/es\/wp-json\/wp\/v2\/posts\/17710","targetHints":{"allow":["GET"]}}],"collection":[{"href":"https:\/\/arv-argentina.com\/es\/wp-json\/wp\/v2\/posts"}],"about":[{"href":"https:\/\/arv-argentina.com\/es\/wp-json\/wp\/v2\/types\/post"}],"author":[{"embeddable":true,"href":"https:\/\/arv-argentina.com\/es\/wp-json\/wp\/v2\/users\/1"}],"replies":[{"embeddable":true,"href":"https:\/\/arv-argentina.com\/es\/wp-json\/wp\/v2\/comments?post=17710"}],"version-history":[{"count":2,"href":"https:\/\/arv-argentina.com\/es\/wp-json\/wp\/v2\/posts\/17710\/revisions"}],"predecessor-version":[{"id":17712,"href":"https:\/\/arv-argentina.com\/es\/wp-json\/wp\/v2\/posts\/17710\/revisions\/17712"}],"wp:attachment":[{"href":"https:\/\/arv-argentina.com\/es\/wp-json\/wp\/v2\/media?parent=17710"}],"wp:term":[{"taxonomy":"category","embeddable":true,"href":"https:\/\/arv-argentina.com\/es\/wp-json\/wp\/v2\/categories?post=17710"},{"taxonomy":"post_tag","embeddable":true,"href":"https:\/\/arv-argentina.com\/es\/wp-json\/wp\/v2\/tags?post=17710"}],"curies":[{"name":"wp","href":"https:\/\/api.w.org\/{rel}","templated":true}]}}