{"id":17717,"date":"2020-04-09T15:40:44","date_gmt":"2020-04-09T18:40:44","guid":{"rendered":"https:\/\/arv-argentina.com\/?p=17717"},"modified":"2020-04-09T16:10:23","modified_gmt":"2020-04-09T19:10:23","slug":"sintesis-informativa-30-2020","status":"publish","type":"post","link":"https:\/\/arv-argentina.com\/es\/sintesis-informativa-30-2020\/","title":{"rendered":"SINTESIS INFORMATIVA N\u00b0 30\/2020"},"content":{"rendered":"<p><strong>AFIP Seguridad Social. Contribuciones Patronales SIPA. Decreto N\u00b0 332\/20 y 337\/20. Pr\u00f3rroga de vencimiento periodo devengado marzo de 2020. Res. Gral. 4693\/2020. B.O. 09\/04\/2020.<\/strong><\/p>\n<p>AFIP crea el servicio \u201cweb\u201d denominado \u201cPrograma de Asistencia de Emergencia al Trabajo y la Producci\u00f3n &#8211; ATP\u201d, al cual deber\u00e1n ingresar todos los empleadores a efectos de que, en los casos que as\u00ed se determine, puedan acceder a los beneficios previstos en el Decreto N\u00ba 332\/20 y su modificatorio (<a href=\"https:\/\/arv-argentina.com\/sintesis-informativa-23-2020\">S\u00edntesis 23\/2020<\/a>).<\/p>\n<p>Los sujetos cuya actividad principal se encuentre incluida en el listado de actividades ( ver <a href=\"https:\/\/arv-argentina.com\/pdf\/anexo-1.pdf\" target=\"_blank\" rel=\"noopener noreferrer\">Anexo 1<\/a> | <a href=\"https:\/\/arv-argentina.com\/pdf\/anexo-2.pdf\" target=\"_blank\" rel=\"noopener noreferrer\">Anexo 2<\/a> ) publicado en el sitio \u201cweb\u201d institucional (http:\/\/www.afip.gob.ar) y hayan cumplido con la obligaci\u00f3n de registraci\u00f3n prevista, gozar\u00e1n del beneficio de postergaci\u00f3n del vencimiento para el pago de las contribuciones patronales al Sistema Integrado Previsional Argentino (SIPA) que venc\u00edan en abril.<\/p>\n<p>Los pagos postergados deber\u00e1n realizarse a partir del 16 de junio (seg\u00fan terminaci\u00f3n de la CUIT), de acuerdo al cronograma, debiendo presentar y abonar el resto de los componentes del F. 931 a partir del 16 de abril.<\/p>\n<p><strong>Los contribuyentes deber\u00e1n seguir los siguientes pasos:<\/strong><\/p>\n<ol>\n<li><strong>Inscripci\u00f3n<\/strong>: Entre los d\u00edas\u00a0<strong>9 y 15 de abril de 2020<\/strong>, ambos inclusive, deber\u00e1n registrarse en el mencionado servicio web.<\/li>\n<li><strong>Env\u00edo de informaci\u00f3n<\/strong>: Entre los d\u00edas\u00a0<strong>13 y 15 de abril de 2020<\/strong>, ambos inclusive, deber\u00e1n suministrar aquella informaci\u00f3n econ\u00f3mica relativa a sus actividades que el servicio \u201cweb\u201d requiera, y se evaluar\u00e1 su procedencia.<\/li>\n<\/ol>\n<p>Estos contribuyentes ser\u00e1n caracterizados en el \u201cSistema Registral\u201d con el c\u00f3digo \u201c460 \u2013 Beneficio Dto. 332\/2020\u201d. Igualmente, se aclara que deber\u00e1n presentar y abonar el F. 931 a partir del 16 de abril como los dem\u00e1s contribuyentes, con excepci\u00f3n de las contribuciones al SIPA, que lo har\u00e1n a partir del 16 de junio, seg\u00fan la terminaci\u00f3n de la CUIT.<\/p>\n<p>Se traslada el vencimiento general para la presentaci\u00f3n y pago del F. 931 de marzo a partir del 16 de abril.<\/p>\n<p>La nueva fecha es la siguiente:<\/p>\n<table style=\"height: 250px;\" width=\"289\">\n<tbody>\n<tr>\n<td width=\"185\">TERMINACI\u00d3N CUIT<\/td>\n<td>\n<p style=\"text-align: center;\">FECHA<\/p>\n<\/td>\n<\/tr>\n<tr>\n<td width=\"185\">0, 1, 2 y 3<\/td>\n<td>16\/04\/2020<\/td>\n<\/tr>\n<tr>\n<td width=\"185\">4, 5 y 6<\/td>\n<td>17\/04\/2020<\/td>\n<\/tr>\n<tr>\n<td width=\"185\">7, 8 y 9<\/td>\n<td>20\/04\/2020<\/td>\n<\/tr>\n<\/tbody>\n<\/table>\n<p>&nbsp;<\/p>\n<p>&nbsp;<\/p>\n<p>Ciudad Aut\u00f3noma de Buenos Aires, abril de 2020.<\/p>","protected":false},"excerpt":{"rendered":"<p>AFIP Seguridad Social. Contribuciones Patronales SIPA. Decreto N\u00b0 332\/20 y 337\/20. Pr\u00f3rroga de vencimiento periodo devengado marzo de 2020. Res. Gral. 4693\/2020. B.O. 09\/04\/2020. AFIP crea el servicio \u201cweb\u201d denominado \u201cPrograma de Asistencia de Emergencia al Trabajo y la Producci\u00f3n &#8211; ATP\u201d, al cual deber\u00e1n&#8230;<\/p>\n","protected":false},"author":1,"featured_media":0,"comment_status":"closed","ping_status":"closed","sticky":false,"template":"","format":"standard","meta":{"footnotes":""},"categories":[62],"tags":[],"class_list":["post-17717","post","type-post","status-publish","format-standard","hentry","category-sintesis-informativas"],"yoast_head":"<!-- This site is optimized with the Yoast SEO plugin v27.4 - https:\/\/yoast.com\/product\/yoast-seo-wordpress\/ -->\n<title>AFIP | SIPA. Decreto N\u00b0 332\/20 y 337\/20. Pr\u00f3rroga de vencimiento ...<\/title>\n<meta name=\"description\" content=\"AFIP crea el servicio \u201cweb\u201d denominado \u201cPrograma de Asistencia de Emergencia al Trabajo y la Producci\u00f3n - ATP\u201d ...\" \/>\n<meta name=\"robots\" content=\"index, follow, max-snippet:-1, max-image-preview:large, max-video-preview:-1\" \/>\n<link rel=\"canonical\" href=\"https:\/\/arv-argentina.com\/es\/sintesis-informativa-30-2020\/\" \/>\n<meta property=\"og:locale\" content=\"es_ES\" \/>\n<meta property=\"og:type\" content=\"article\" \/>\n<meta property=\"og:title\" content=\"AFIP | SIPA. Decreto N\u00b0 332\/20 y 337\/20. Pr\u00f3rroga de vencimiento ...\" \/>\n<meta property=\"og:description\" content=\"AFIP crea el servicio \u201cweb\u201d denominado \u201cPrograma de Asistencia de Emergencia al Trabajo y la Producci\u00f3n - ATP\u201d ...\" \/>\n<meta property=\"og:url\" content=\"https:\/\/arv-argentina.com\/es\/sintesis-informativa-30-2020\/\" \/>\n<meta property=\"og:site_name\" content=\"ARV Argentina | Alvarez Roperti Venegas Consultores Tributarios &amp; Auditores\" \/>\n<meta property=\"article:published_time\" content=\"2020-04-09T18:40:44+00:00\" \/>\n<meta property=\"article:modified_time\" content=\"2020-04-09T19:10:23+00:00\" \/>\n<meta name=\"author\" content=\"arvonline\" \/>\n<meta name=\"twitter:card\" content=\"summary_large_image\" \/>\n<meta name=\"twitter:label1\" content=\"Escrito por\" \/>\n\t<meta name=\"twitter:data1\" content=\"arvonline\" \/>\n\t<meta name=\"twitter:label2\" content=\"Tiempo de lectura\" \/>\n\t<meta name=\"twitter:data2\" content=\"2 minutos\" \/>\n<script type=\"application\/ld+json\" class=\"yoast-schema-graph\">{\"@context\":\"https:\\\/\\\/schema.org\",\"@graph\":[{\"@type\":\"Article\",\"@id\":\"https:\\\/\\\/arv-argentina.com\\\/sintesis-informativa-30-2020\\\/#article\",\"isPartOf\":{\"@id\":\"https:\\\/\\\/arv-argentina.com\\\/sintesis-informativa-30-2020\\\/\"},\"author\":{\"name\":\"arvonline\",\"@id\":\"https:\\\/\\\/arv-argentina.com\\\/#\\\/schema\\\/person\\\/b815cf94bd4970ab5da59116912fd46a\"},\"headline\":\"SINTESIS INFORMATIVA N\u00b0 30\\\/2020\",\"datePublished\":\"2020-04-09T18:40:44+00:00\",\"dateModified\":\"2020-04-09T19:10:23+00:00\",\"mainEntityOfPage\":{\"@id\":\"https:\\\/\\\/arv-argentina.com\\\/sintesis-informativa-30-2020\\\/\"},\"wordCount\":351,\"publisher\":{\"@id\":\"https:\\\/\\\/arv-argentina.com\\\/#organization\"},\"articleSection\":[\"S\u00edntesis Informativas\"],\"inLanguage\":\"es\"},{\"@type\":\"WebPage\",\"@id\":\"https:\\\/\\\/arv-argentina.com\\\/es\\\/sintesis-informativa-30-2020\\\/\",\"url\":\"https:\\\/\\\/arv-argentina.com\\\/es\\\/sintesis-informativa-30-2020\\\/\",\"name\":\"AFIP | SIPA. Decreto N\u00b0 332\\\/20 y 337\\\/20. Pr\u00f3rroga de vencimiento ...\",\"isPartOf\":{\"@id\":\"https:\\\/\\\/arv-argentina.com\\\/es\\\/#website\"},\"datePublished\":\"2020-04-09T18:40:44+00:00\",\"dateModified\":\"2020-04-09T19:10:23+00:00\",\"description\":\"AFIP crea el servicio \u201cweb\u201d denominado \u201cPrograma de Asistencia de Emergencia al Trabajo y la Producci\u00f3n - ATP\u201d ...\",\"breadcrumb\":{\"@id\":\"https:\\\/\\\/arv-argentina.com\\\/es\\\/sintesis-informativa-30-2020\\\/#breadcrumb\"},\"inLanguage\":\"es\",\"potentialAction\":[{\"@type\":\"ReadAction\",\"target\":[[\"https:\\\/\\\/arv-argentina.com\\\/es\\\/sintesis-informativa-30-2020\\\/\"]]}]},{\"@type\":\"BreadcrumbList\",\"@id\":\"https:\\\/\\\/arv-argentina.com\\\/es\\\/sintesis-informativa-30-2020\\\/#breadcrumb\",\"itemListElement\":[{\"@type\":\"ListItem\",\"position\":1,\"name\":\"Portada\",\"item\":\"https:\\\/\\\/arv-argentina.com\\\/es\\\/\"},{\"@type\":\"ListItem\",\"position\":2,\"name\":\"SINTESIS INFORMATIVA N\u00b0 30\\\/2020\"}]},{\"@type\":\"WebSite\",\"@id\":\"https:\\\/\\\/arv-argentina.com\\\/es\\\/#website\",\"url\":\"https:\\\/\\\/arv-argentina.com\\\/es\\\/\",\"name\":\"ARV Argentina | Alvarez Roperti Venegas Consultores Tributarios &amp; Auditores\",\"description\":\"Especialistas en Consultor\u00eda Tributaria y Auditor\u00edaEspecialistas en consultor\u00eda Tributaria y Auditor\u00eda\",\"publisher\":{\"@id\":\"https:\\\/\\\/arv-argentina.com\\\/es\\\/#organization\"},\"potentialAction\":[{\"@type\":\"SearchAction\",\"target\":{\"@type\":\"EntryPoint\",\"urlTemplate\":\"https:\\\/\\\/arv-argentina.com\\\/es\\\/?s={search_term_string}\"},\"query-input\":{\"@type\":\"PropertyValueSpecification\",\"valueRequired\":true,\"valueName\":\"search_term_string\"}}],\"inLanguage\":\"es\"},{\"@type\":\"Organization\",\"@id\":\"https:\\\/\\\/arv-argentina.com\\\/es\\\/#organization\",\"name\":\"ARV Argentina\",\"url\":\"https:\\\/\\\/arv-argentina.com\\\/es\\\/\",\"logo\":{\"@type\":\"ImageObject\",\"inLanguage\":\"es\",\"@id\":\"https:\\\/\\\/arv-argentina.com\\\/es\\\/#\\\/schema\\\/logo\\\/image\\\/\",\"url\":\"http:\\\/\\\/arv-argentina.com\\\/wp-content\\\/uploads\\\/2016\\\/10\\\/arv-logo-head1.png\",\"contentUrl\":\"http:\\\/\\\/arv-argentina.com\\\/wp-content\\\/uploads\\\/2016\\\/10\\\/arv-logo-head1.png\",\"width\":133,\"height\":54,\"caption\":\"ARV Argentina\"},\"image\":{\"@id\":\"https:\\\/\\\/arv-argentina.com\\\/es\\\/#\\\/schema\\\/logo\\\/image\\\/\"}},{\"@type\":\"Person\",\"@id\":\"https:\\\/\\\/arv-argentina.com\\\/#\\\/schema\\\/person\\\/b815cf94bd4970ab5da59116912fd46a\",\"name\":\"arvonline\"}]}<\/script>\n<!-- \/ Yoast SEO plugin. -->","yoast_head_json":{"title":"AFIP | SIPA. Decreto N\u00b0 332\/20 y 337\/20. Pr\u00f3rroga de vencimiento ...","description":"AFIP crea el servicio \u201cweb\u201d denominado \u201cPrograma de Asistencia de Emergencia al Trabajo y la Producci\u00f3n - ATP\u201d ...","robots":{"index":"index","follow":"follow","max-snippet":"max-snippet:-1","max-image-preview":"max-image-preview:large","max-video-preview":"max-video-preview:-1"},"canonical":"https:\/\/arv-argentina.com\/es\/sintesis-informativa-30-2020\/","og_locale":"es_ES","og_type":"article","og_title":"AFIP | SIPA. Decreto N\u00b0 332\/20 y 337\/20. Pr\u00f3rroga de vencimiento ...","og_description":"AFIP crea el servicio \u201cweb\u201d denominado \u201cPrograma de Asistencia de Emergencia al Trabajo y la Producci\u00f3n - ATP\u201d ...","og_url":"https:\/\/arv-argentina.com\/es\/sintesis-informativa-30-2020\/","og_site_name":"ARV Argentina | Alvarez Roperti Venegas Consultores Tributarios &amp; Auditores","article_published_time":"2020-04-09T18:40:44+00:00","article_modified_time":"2020-04-09T19:10:23+00:00","author":"arvonline","twitter_card":"summary_large_image","twitter_misc":{"Escrito por":"arvonline","Tiempo de lectura":"2 minutos"},"schema":{"@context":"https:\/\/schema.org","@graph":[{"@type":"Article","@id":"https:\/\/arv-argentina.com\/sintesis-informativa-30-2020\/#article","isPartOf":{"@id":"https:\/\/arv-argentina.com\/sintesis-informativa-30-2020\/"},"author":{"name":"arvonline","@id":"https:\/\/arv-argentina.com\/#\/schema\/person\/b815cf94bd4970ab5da59116912fd46a"},"headline":"SINTESIS INFORMATIVA N\u00b0 30\/2020","datePublished":"2020-04-09T18:40:44+00:00","dateModified":"2020-04-09T19:10:23+00:00","mainEntityOfPage":{"@id":"https:\/\/arv-argentina.com\/sintesis-informativa-30-2020\/"},"wordCount":351,"publisher":{"@id":"https:\/\/arv-argentina.com\/#organization"},"articleSection":["S\u00edntesis Informativas"],"inLanguage":"es"},{"@type":"WebPage","@id":"https:\/\/arv-argentina.com\/es\/sintesis-informativa-30-2020\/","url":"https:\/\/arv-argentina.com\/es\/sintesis-informativa-30-2020\/","name":"AFIP | SIPA. Decreto N\u00b0 332\/20 y 337\/20. Pr\u00f3rroga de vencimiento ...","isPartOf":{"@id":"https:\/\/arv-argentina.com\/es\/#website"},"datePublished":"2020-04-09T18:40:44+00:00","dateModified":"2020-04-09T19:10:23+00:00","description":"AFIP crea el servicio \u201cweb\u201d denominado \u201cPrograma de Asistencia de Emergencia al Trabajo y la Producci\u00f3n - ATP\u201d ...","breadcrumb":{"@id":"https:\/\/arv-argentina.com\/es\/sintesis-informativa-30-2020\/#breadcrumb"},"inLanguage":"es","potentialAction":[{"@type":"ReadAction","target":[["https:\/\/arv-argentina.com\/es\/sintesis-informativa-30-2020\/"]]}]},{"@type":"BreadcrumbList","@id":"https:\/\/arv-argentina.com\/es\/sintesis-informativa-30-2020\/#breadcrumb","itemListElement":[{"@type":"ListItem","position":1,"name":"Portada","item":"https:\/\/arv-argentina.com\/es\/"},{"@type":"ListItem","position":2,"name":"SINTESIS INFORMATIVA N\u00b0 30\/2020"}]},{"@type":"WebSite","@id":"https:\/\/arv-argentina.com\/es\/#website","url":"https:\/\/arv-argentina.com\/es\/","name":"ARV Argentina | Alvarez Roperti Venegas Consultores Tributarios &amp; Auditores","description":"Especialistas en Consultor\u00eda Tributaria y Auditor\u00edaEspecialistas en consultor\u00eda Tributaria y Auditor\u00eda","publisher":{"@id":"https:\/\/arv-argentina.com\/es\/#organization"},"potentialAction":[{"@type":"SearchAction","target":{"@type":"EntryPoint","urlTemplate":"https:\/\/arv-argentina.com\/es\/?s={search_term_string}"},"query-input":{"@type":"PropertyValueSpecification","valueRequired":true,"valueName":"search_term_string"}}],"inLanguage":"es"},{"@type":"Organization","@id":"https:\/\/arv-argentina.com\/es\/#organization","name":"ARV Argentina","url":"https:\/\/arv-argentina.com\/es\/","logo":{"@type":"ImageObject","inLanguage":"es","@id":"https:\/\/arv-argentina.com\/es\/#\/schema\/logo\/image\/","url":"http:\/\/arv-argentina.com\/wp-content\/uploads\/2016\/10\/arv-logo-head1.png","contentUrl":"http:\/\/arv-argentina.com\/wp-content\/uploads\/2016\/10\/arv-logo-head1.png","width":133,"height":54,"caption":"ARV Argentina"},"image":{"@id":"https:\/\/arv-argentina.com\/es\/#\/schema\/logo\/image\/"}},{"@type":"Person","@id":"https:\/\/arv-argentina.com\/#\/schema\/person\/b815cf94bd4970ab5da59116912fd46a","name":"arvonline"}]}},"_links":{"self":[{"href":"https:\/\/arv-argentina.com\/es\/wp-json\/wp\/v2\/posts\/17717","targetHints":{"allow":["GET"]}}],"collection":[{"href":"https:\/\/arv-argentina.com\/es\/wp-json\/wp\/v2\/posts"}],"about":[{"href":"https:\/\/arv-argentina.com\/es\/wp-json\/wp\/v2\/types\/post"}],"author":[{"embeddable":true,"href":"https:\/\/arv-argentina.com\/es\/wp-json\/wp\/v2\/users\/1"}],"replies":[{"embeddable":true,"href":"https:\/\/arv-argentina.com\/es\/wp-json\/wp\/v2\/comments?post=17717"}],"version-history":[{"count":7,"href":"https:\/\/arv-argentina.com\/es\/wp-json\/wp\/v2\/posts\/17717\/revisions"}],"predecessor-version":[{"id":17725,"href":"https:\/\/arv-argentina.com\/es\/wp-json\/wp\/v2\/posts\/17717\/revisions\/17725"}],"wp:attachment":[{"href":"https:\/\/arv-argentina.com\/es\/wp-json\/wp\/v2\/media?parent=17717"}],"wp:term":[{"taxonomy":"category","embeddable":true,"href":"https:\/\/arv-argentina.com\/es\/wp-json\/wp\/v2\/categories?post=17717"},{"taxonomy":"post_tag","embeddable":true,"href":"https:\/\/arv-argentina.com\/es\/wp-json\/wp\/v2\/tags?post=17717"}],"curies":[{"name":"wp","href":"https:\/\/api.w.org\/{rel}","templated":true}]}}