{"id":17891,"date":"2020-09-04T21:35:48","date_gmt":"2020-09-05T00:35:48","guid":{"rendered":"https:\/\/arv-argentina.com\/?p=17891"},"modified":"2020-09-04T21:35:48","modified_gmt":"2020-09-05T00:35:48","slug":"sintesis-informativa-60-2020","status":"publish","type":"post","link":"https:\/\/arv-argentina.com\/es\/sintesis-informativa-60-2020\/","title":{"rendered":"SINTESIS INFORMATIVA N\u00b0 60\/2020"},"content":{"rendered":"<p><\/p>\n<p style=\"text-align: justify;\"><strong>Aporte solidario, extraordinario y por \u00fanica vez vinculado a los patrimonios de las personas humanas<\/strong><\/p>\n<p style=\"text-align: justify;\"><span style=\"font-weight: 400;\">Ha ingresado al Congreso Nacional un proyecto de ley denominado<\/span> <i><span style=\"font-weight: 400;\">\u201c<\/span><\/i><span style=\"font-weight: 400;\">Aporte Solidario y Extraordinario para morigerar los efectos de la pandemia\u00bb, <\/span><span style=\"font-weight: 400;\">que circula en los medios como \u201cImpuesto a la Riqueza\u201d.<\/span><\/p>\n<p style=\"text-align: justify;\"><span style=\"font-weight: 400;\">A continuaci\u00f3n se exponen sus caracter\u00edsticas principales:<\/span><\/p>\n<p style=\"text-align: justify;\"><b>Hecho imponible. Vigencia\u00a0<\/b><\/p>\n<p style=\"text-align: justify;\"><span style=\"font-weight: 400;\">Se establece que el mismo, tiene car\u00e1cter de emergencia y por \u00fanica vez, y recaer\u00e1 sobre los bienes existentes al 31 de diciembre de 2019, bienes que concretamente fueron ya declarados por los contribuyentes ante el impuesto sobre los bienes personales 2019 cuya fecha de vencimiento oper\u00f3 en el pasado mes de agosto.<\/span><\/p>\n<p style=\"text-align: justify;\"><span style=\"font-weight: 400;\">Se lo denomina aporte solidario, pero constituye un verdadero impuesto y ello tendr\u00e1 relevancia ante su muy segura judicializaci\u00f3n.<\/span><\/p>\n<p style=\"text-align: justify;\"><span style=\"font-weight: 400;\">La fecha 31\/12\/2019 resulta tambi\u00e9n un aspecto objetable desde el punto de vista legal, a la luz de una eventual ilegal retroactividad.\u00a0<\/span><\/p>\n<p style=\"text-align: justify;\"><b><br \/>\nSujetos alcanzados<br \/>\n<\/b><span style=\"font-weight: 400;\">Se encuentran alcanzadas por el presente tributo:\u00a0<\/span><\/p>\n<p style=\"text-align: justify;\"><span style=\"font-weight: 400;\">a) las personas humanas y sucesiones indivisas <\/span><b>residentes en el pa\u00eds<\/b><span style=\"font-weight: 400;\">, por la totalidad de sus bienes en el pa\u00eds y en el exterior, comprendidos y valuados de acuerdo al impuesto sobre los bienes personales, cuando el total de los bienes, valuados de acuerdo con las disposiciones de la citada ley, y sin deducci\u00f3n de m\u00ednimo no imponible alguno, sea igual o superior a $ 200.000.000 (pesos doscientos millones) al 31 de diciembre de 2019.<\/span><\/p>\n<p style=\"text-align: justify;\"><span style=\"font-weight: 400;\">b) las personas humanas y sucesiones indivisas<\/span><b> residentes en el exterior<\/b><span style=\"font-weight: 400;\"> por la totalidad de sus bienes en el pa\u00eds comprendidos y valuados de acuerdo al impuesto sobre los bienes personales, cuando el total de los bienes, de acuerdo con las disposiciones de la citada ley, y sin deducci\u00f3n de m\u00ednimo no imponible alguno, sea igual o superior a $ 200.000.000 (pesos doscientos millones) al 31 de diciembre de 2019.<\/span><\/p>\n<p style=\"text-align: justify;\"><span style=\"font-weight: 400;\">N\u00f3tese que se pretende gravar la totalidad de bienes, sean estos gravados o exentos por el impuesto sobre los bienes personales, y sin considerar m\u00ednimo alguno, de este modo se gravan\u00a0<\/span><span style=\"font-weight: 400;\">los bonos nacionales, las acciones de emisores argentinos, tanto cotizantes como no cotizantes, dep\u00f3sitos en caja de ahorro, plazo fijo, etc.<\/span><\/p>\n<p style=\"text-align: justify;\"><span style=\"font-weight: 400;\">Si bien son impuestos nominalmente distintos, en esencia queda claro que estamos frente a un adicional del impuesto sobre los bienes personales, misma base, misma fecha base, misma forma de valuaci\u00f3n, y con el agravante de pretender gravar los bienes exentos. Todos estos factores tambi\u00e9n sumar\u00e1n ante una eventual judicializaci\u00f3n.<\/span><\/p>\n<p style=\"text-align: justify;\"><span style=\"font-weight: 400;\">Los responsables sustitutos del impuesto sobre los bienes personales de sujetos del exterior que posean bienes en el pa\u00eds cuya valuaci\u00f3n efectuada en los t\u00e9rminos de esta ley superen los$ 200.000.000 (pesos doscientos millones), deber\u00e1n actuar como responsables sustitutos de este gravamen, seg\u00fan las normas que al respecto establezca la AFIP<\/span><span style=\"font-weight: 400;\">.<\/span><span style=\"font-weight: 400;\">\u00a0<\/span><\/p>\n<p style=\"text-align: justify;\"><b>Base Imponible:<br \/>\n<\/b><span style=\"font-weight: 400;\">La base imponible se determinar\u00e1 considerando el total de los bienes de los que sean titulares, determinados de acuerdo a los criterios y valuaci\u00f3n establecidos para el impuesto sobre los bienes personales , &#8211; incluyendo los aportes a trust, fideicomisos, fundaciones de inter\u00e9s privado y dem\u00e1s estructuras, participaci\u00f3n en sociedades u otros entes de cualquier tipo sin personalidad fiscal y participaci\u00f3n directa o indirecta en sociedades u otros entes de cualquier tipo &#8211; existentes al 31 de diciembre de 2019, independientemente del tratamiento exentivo que revistieran en \u00e9sta y sin deducci\u00f3n de m\u00ednimo no imponible alguno<\/span><b>.\u00a0<\/b><\/p>\n<p style=\"text-align: justify;\"><span style=\"font-weight: 400;\">Seguramente ser\u00e1 fuente de controversias el hecho de que se pretenda gravar bienes que ya han dejado de ser de propiedad del contribuyente como es el caso de aportes a trust, etc. En tal caso la norma tendr\u00eda l\u00f3gica si se limitare a trusts y similares, que para ley del impuesto a las ganancias calificaren como transparentes<\/span><\/p>\n<p style=\"text-align: justify;\"><span style=\"font-weight: 400;\"><br \/>\n<\/span><b>Al\u00edcuotas<br \/>\n<\/b><span style=\"font-weight: 400;\">El impuesto se determina aplicando las siguientes al\u00edcuotas sobre la base imponible antes se\u00f1alada, en dos grupos:<\/span><\/p>\n<ol style=\"text-align: justify;\">\n<li style=\"font-weight: 400;\"><span style=\"font-weight: 400;\">Al\u00edcuotas aplicables sobre bienes en el pa\u00eds<\/span><\/li>\n<li style=\"font-weight: 400;\"><span style=\"font-weight: 400;\">Al\u00edcuotas aplicables sobre bienes radicados en el exterior.<\/span><\/li>\n<\/ol>\n<p style=\"text-align: justify;\"><span style=\"font-weight: 400;\">La radicaci\u00f3n en el caso de acciones, bonos, t\u00edtulos valores, etc, queda definida por el pa\u00eds del emisor, no importando su lugar e custodia f\u00edsica o escritural.<\/span><\/p>\n<p><span style=\"font-weight: 400;\"><img loading=\"lazy\" decoding=\"async\" class=\"alignnone wp-image-17894 size-full\" title=\"impuesto a la riqueza\" src=\"https:\/\/arv-argentina.com\/wp-content\/uploads\/2020\/09\/0001-aporte-solidario.png\" alt=\"aporte solidario\" width=\"562\" height=\"345\" srcset=\"https:\/\/arv-argentina.com\/wp-content\/uploads\/2020\/09\/0001-aporte-solidario.png 562w, https:\/\/arv-argentina.com\/wp-content\/uploads\/2020\/09\/0001-aporte-solidario-300x184.png 300w\" sizes=\"auto, (max-width: 562px) 100vw, 562px\" \/><br \/>\nLa magnitud de las al\u00edcuotas, sumadas a las vigentes para el impuesto sobre los bienes personales para los ejercicios 2019 y 2020 ponen en duda los principios de capacidad contributiva, razonabilidad, y confiscatoriedad.<\/span><\/p>\n<p style=\"text-align: justify;\"><b>Reducci\u00f3n al\u00edcuotas bienes repatriados<br \/>\n<\/b><span style=\"font-weight: 400;\">Respecto a los bienes situados en el exterior, se suprimir\u00e1 el diferencial respecto a los bienes situados en el pa\u00eds, en el caso de verificarse la repatriaci\u00f3n de los bienes en un plazo de 60 d\u00edas desde la publicaci\u00f3n de la ley en el bolet\u00edn oficial, siempre que dicha repatriaci\u00f3n sea igual o superior al 30% de sus tenencias financieras en el exterior, deleg\u00e1ndose en el Poder Ejecutivo Nacional la facultad de ampliar en otros 60 d\u00edas el plazo.<\/span><\/p>\n<p style=\"text-align: justify;\"><span style=\"font-weight: 400;\">La norma no precisa el plazo que deber\u00e1n mantenerse en el pa\u00eds los bienes que se repatrien<\/span><b>\u00a0<\/b><\/p>\n<p style=\"text-align: justify;\"><b><br \/>\nDefinici\u00f3n de bienes repatriados<br \/>\n<\/b><span style=\"font-weight: 400;\">Se entender\u00e1 por repatriaci\u00f3n, al ingreso al pa\u00eds, hasta la fecha dispuesta en el art\u00edculo anterior, de: las tenencias de moneda extranjera en el exterior y los importes generados como resultado de la realizaci\u00f3n de los activos financieros pertenecientes a las personas humanas domiciliadas en el pa\u00eds y las sucesiones indivisas radicadas en el mismo.<\/span><\/p>\n<p style=\"text-align: justify;\"><span style=\"font-weight: 400;\">No queda claro c\u00f3mo quedan frente a la repatriaci\u00f3n quienes posean bienes en el exterior \u201cno financieros\u201d, por caso inmuebles, si es que pueden repatriar, o por el contrario les queda vedada la posibilidad.<\/span><\/p>\n<p style=\"text-align: justify;\"><span style=\"font-weight: 400;\">\u00a0<\/span><\/p>\n<p><span style=\"font-weight: 400;\">Ciudad Aut\u00f3noma de Buenos Aires, septiembre de 2020<\/span><\/p>","protected":false},"excerpt":{"rendered":"<p>Aporte solidario, extraordinario y por \u00fanica vez vinculado a los patrimonios de las personas humanas Ha ingresado al Congreso Nacional un proyecto de ley denominado \u201cAporte Solidario y Extraordinario para morigerar los efectos de la pandemia\u00bb, que circula en los medios como \u201cImpuesto a la&#8230;<\/p>\n","protected":false},"author":1,"featured_media":0,"comment_status":"closed","ping_status":"closed","sticky":false,"template":"","format":"standard","meta":{"footnotes":""},"categories":[62],"tags":[],"class_list":["post-17891","post","type-post","status-publish","format-standard","hentry","category-sintesis-informativas"],"yoast_head":"<!-- This site is optimized with the Yoast SEO plugin v27.4 - https:\/\/yoast.com\/product\/yoast-seo-wordpress\/ -->\n<title>Aporte solidario, extraordinario y por \u00fanica vez vinculado a los patrimonios<\/title>\n<meta name=\"description\" content=\"Ha ingresado al Congreso Nacional un proyecto de ley denominado \u201cAporte Solidario y Extraordinario para morigerar los efectos de la pandemia&quot;\" \/>\n<meta name=\"robots\" content=\"index, follow, max-snippet:-1, max-image-preview:large, max-video-preview:-1\" \/>\n<link rel=\"canonical\" href=\"https:\/\/arv-argentina.com\/es\/sintesis-informativa-60-2020\/\" \/>\n<meta property=\"og:locale\" content=\"es_ES\" \/>\n<meta property=\"og:type\" content=\"article\" \/>\n<meta property=\"og:title\" content=\"Aporte solidario, extraordinario y por \u00fanica vez vinculado a los patrimonios\" \/>\n<meta property=\"og:description\" content=\"Ha ingresado al Congreso Nacional un proyecto de ley denominado \u201cAporte Solidario y Extraordinario para morigerar los efectos de la pandemia&quot;\" \/>\n<meta property=\"og:url\" content=\"https:\/\/arv-argentina.com\/es\/sintesis-informativa-60-2020\/\" \/>\n<meta property=\"og:site_name\" content=\"ARV Argentina | Alvarez Roperti Venegas Consultores Tributarios &amp; Auditores\" \/>\n<meta property=\"article:published_time\" content=\"2020-09-05T00:35:48+00:00\" \/>\n<meta property=\"og:image\" content=\"https:\/\/arv-argentina.com\/wp-content\/uploads\/2020\/09\/0001-aporte-solidario.png\" \/>\n<meta name=\"author\" content=\"arvonline\" \/>\n<meta name=\"twitter:card\" content=\"summary_large_image\" \/>\n<meta name=\"twitter:label1\" content=\"Escrito por\" \/>\n\t<meta name=\"twitter:data1\" content=\"arvonline\" \/>\n\t<meta name=\"twitter:label2\" content=\"Tiempo de lectura\" \/>\n\t<meta name=\"twitter:data2\" content=\"5 minutos\" \/>\n<script type=\"application\/ld+json\" class=\"yoast-schema-graph\">{\"@context\":\"https:\\\/\\\/schema.org\",\"@graph\":[{\"@type\":\"Article\",\"@id\":\"https:\\\/\\\/arv-argentina.com\\\/sintesis-informativa-60-2020\\\/#article\",\"isPartOf\":{\"@id\":\"https:\\\/\\\/arv-argentina.com\\\/sintesis-informativa-60-2020\\\/\"},\"author\":{\"name\":\"arvonline\",\"@id\":\"https:\\\/\\\/arv-argentina.com\\\/#\\\/schema\\\/person\\\/b815cf94bd4970ab5da59116912fd46a\"},\"headline\":\"SINTESIS INFORMATIVA N\u00b0 60\\\/2020\",\"datePublished\":\"2020-09-05T00:35:48+00:00\",\"mainEntityOfPage\":{\"@id\":\"https:\\\/\\\/arv-argentina.com\\\/sintesis-informativa-60-2020\\\/\"},\"wordCount\":954,\"publisher\":{\"@id\":\"https:\\\/\\\/arv-argentina.com\\\/#organization\"},\"image\":{\"@id\":\"https:\\\/\\\/arv-argentina.com\\\/sintesis-informativa-60-2020\\\/#primaryimage\"},\"thumbnailUrl\":\"https:\\\/\\\/arv-argentina.com\\\/wp-content\\\/uploads\\\/2020\\\/09\\\/0001-aporte-solidario.png\",\"articleSection\":[\"S\u00edntesis Informativas\"],\"inLanguage\":\"es\"},{\"@type\":\"WebPage\",\"@id\":\"https:\\\/\\\/arv-argentina.com\\\/es\\\/sintesis-informativa-60-2020\\\/\",\"url\":\"https:\\\/\\\/arv-argentina.com\\\/es\\\/sintesis-informativa-60-2020\\\/\",\"name\":\"Aporte solidario, extraordinario y por \u00fanica vez vinculado a los patrimonios\",\"isPartOf\":{\"@id\":\"https:\\\/\\\/arv-argentina.com\\\/es\\\/#website\"},\"primaryImageOfPage\":{\"@id\":\"https:\\\/\\\/arv-argentina.com\\\/es\\\/sintesis-informativa-60-2020\\\/#primaryimage\"},\"image\":{\"@id\":\"https:\\\/\\\/arv-argentina.com\\\/sintesis-informativa-60-2020\\\/#primaryimage\"},\"thumbnailUrl\":\"https:\\\/\\\/arv-argentina.com\\\/wp-content\\\/uploads\\\/2020\\\/09\\\/0001-aporte-solidario.png\",\"datePublished\":\"2020-09-05T00:35:48+00:00\",\"description\":\"Ha ingresado al Congreso Nacional un proyecto de ley denominado \u201cAporte Solidario y Extraordinario para morigerar los efectos de la pandemia\\\"\",\"breadcrumb\":{\"@id\":\"https:\\\/\\\/arv-argentina.com\\\/es\\\/sintesis-informativa-60-2020\\\/#breadcrumb\"},\"inLanguage\":\"es\",\"potentialAction\":[{\"@type\":\"ReadAction\",\"target\":[[\"https:\\\/\\\/arv-argentina.com\\\/es\\\/sintesis-informativa-60-2020\\\/\"]]}]},{\"@type\":\"ImageObject\",\"inLanguage\":\"es\",\"@id\":\"https:\\\/\\\/arv-argentina.com\\\/es\\\/sintesis-informativa-60-2020\\\/#primaryimage\",\"url\":\"https:\\\/\\\/arv-argentina.com\\\/wp-content\\\/uploads\\\/2020\\\/09\\\/0001-aporte-solidario.png\",\"contentUrl\":\"https:\\\/\\\/arv-argentina.com\\\/wp-content\\\/uploads\\\/2020\\\/09\\\/0001-aporte-solidario.png\"},{\"@type\":\"BreadcrumbList\",\"@id\":\"https:\\\/\\\/arv-argentina.com\\\/es\\\/sintesis-informativa-60-2020\\\/#breadcrumb\",\"itemListElement\":[{\"@type\":\"ListItem\",\"position\":1,\"name\":\"Portada\",\"item\":\"https:\\\/\\\/arv-argentina.com\\\/es\\\/\"},{\"@type\":\"ListItem\",\"position\":2,\"name\":\"SINTESIS INFORMATIVA N\u00b0 60\\\/2020\"}]},{\"@type\":\"WebSite\",\"@id\":\"https:\\\/\\\/arv-argentina.com\\\/es\\\/#website\",\"url\":\"https:\\\/\\\/arv-argentina.com\\\/es\\\/\",\"name\":\"ARV Argentina | Alvarez Roperti Venegas Consultores Tributarios &amp; Auditores\",\"description\":\"Especialistas en Consultor\u00eda Tributaria y Auditor\u00edaEspecialistas en consultor\u00eda Tributaria y Auditor\u00eda\",\"publisher\":{\"@id\":\"https:\\\/\\\/arv-argentina.com\\\/es\\\/#organization\"},\"potentialAction\":[{\"@type\":\"SearchAction\",\"target\":{\"@type\":\"EntryPoint\",\"urlTemplate\":\"https:\\\/\\\/arv-argentina.com\\\/es\\\/?s={search_term_string}\"},\"query-input\":{\"@type\":\"PropertyValueSpecification\",\"valueRequired\":true,\"valueName\":\"search_term_string\"}}],\"inLanguage\":\"es\"},{\"@type\":\"Organization\",\"@id\":\"https:\\\/\\\/arv-argentina.com\\\/es\\\/#organization\",\"name\":\"ARV Argentina\",\"url\":\"https:\\\/\\\/arv-argentina.com\\\/es\\\/\",\"logo\":{\"@type\":\"ImageObject\",\"inLanguage\":\"es\",\"@id\":\"https:\\\/\\\/arv-argentina.com\\\/es\\\/#\\\/schema\\\/logo\\\/image\\\/\",\"url\":\"http:\\\/\\\/arv-argentina.com\\\/wp-content\\\/uploads\\\/2016\\\/10\\\/arv-logo-head1.png\",\"contentUrl\":\"http:\\\/\\\/arv-argentina.com\\\/wp-content\\\/uploads\\\/2016\\\/10\\\/arv-logo-head1.png\",\"width\":133,\"height\":54,\"caption\":\"ARV Argentina\"},\"image\":{\"@id\":\"https:\\\/\\\/arv-argentina.com\\\/es\\\/#\\\/schema\\\/logo\\\/image\\\/\"}},{\"@type\":\"Person\",\"@id\":\"https:\\\/\\\/arv-argentina.com\\\/#\\\/schema\\\/person\\\/b815cf94bd4970ab5da59116912fd46a\",\"name\":\"arvonline\"}]}<\/script>\n<!-- \/ Yoast SEO plugin. -->","yoast_head_json":{"title":"Aporte solidario, extraordinario y por \u00fanica vez vinculado a los patrimonios","description":"Ha ingresado al Congreso Nacional un proyecto de ley denominado \u201cAporte Solidario y Extraordinario para morigerar los efectos de la pandemia\"","robots":{"index":"index","follow":"follow","max-snippet":"max-snippet:-1","max-image-preview":"max-image-preview:large","max-video-preview":"max-video-preview:-1"},"canonical":"https:\/\/arv-argentina.com\/es\/sintesis-informativa-60-2020\/","og_locale":"es_ES","og_type":"article","og_title":"Aporte solidario, extraordinario y por \u00fanica vez vinculado a los patrimonios","og_description":"Ha ingresado al Congreso Nacional un proyecto de ley denominado \u201cAporte Solidario y Extraordinario para morigerar los efectos de la pandemia\"","og_url":"https:\/\/arv-argentina.com\/es\/sintesis-informativa-60-2020\/","og_site_name":"ARV Argentina | Alvarez Roperti Venegas Consultores Tributarios &amp; Auditores","article_published_time":"2020-09-05T00:35:48+00:00","og_image":[{"url":"https:\/\/arv-argentina.com\/wp-content\/uploads\/2020\/09\/0001-aporte-solidario.png","type":"","width":"","height":""}],"author":"arvonline","twitter_card":"summary_large_image","twitter_misc":{"Escrito por":"arvonline","Tiempo de lectura":"5 minutos"},"schema":{"@context":"https:\/\/schema.org","@graph":[{"@type":"Article","@id":"https:\/\/arv-argentina.com\/sintesis-informativa-60-2020\/#article","isPartOf":{"@id":"https:\/\/arv-argentina.com\/sintesis-informativa-60-2020\/"},"author":{"name":"arvonline","@id":"https:\/\/arv-argentina.com\/#\/schema\/person\/b815cf94bd4970ab5da59116912fd46a"},"headline":"SINTESIS INFORMATIVA N\u00b0 60\/2020","datePublished":"2020-09-05T00:35:48+00:00","mainEntityOfPage":{"@id":"https:\/\/arv-argentina.com\/sintesis-informativa-60-2020\/"},"wordCount":954,"publisher":{"@id":"https:\/\/arv-argentina.com\/#organization"},"image":{"@id":"https:\/\/arv-argentina.com\/sintesis-informativa-60-2020\/#primaryimage"},"thumbnailUrl":"https:\/\/arv-argentina.com\/wp-content\/uploads\/2020\/09\/0001-aporte-solidario.png","articleSection":["S\u00edntesis Informativas"],"inLanguage":"es"},{"@type":"WebPage","@id":"https:\/\/arv-argentina.com\/es\/sintesis-informativa-60-2020\/","url":"https:\/\/arv-argentina.com\/es\/sintesis-informativa-60-2020\/","name":"Aporte solidario, extraordinario y por \u00fanica vez vinculado a los patrimonios","isPartOf":{"@id":"https:\/\/arv-argentina.com\/es\/#website"},"primaryImageOfPage":{"@id":"https:\/\/arv-argentina.com\/es\/sintesis-informativa-60-2020\/#primaryimage"},"image":{"@id":"https:\/\/arv-argentina.com\/sintesis-informativa-60-2020\/#primaryimage"},"thumbnailUrl":"https:\/\/arv-argentina.com\/wp-content\/uploads\/2020\/09\/0001-aporte-solidario.png","datePublished":"2020-09-05T00:35:48+00:00","description":"Ha ingresado al Congreso Nacional un proyecto de ley denominado \u201cAporte Solidario y Extraordinario para morigerar los efectos de la pandemia\"","breadcrumb":{"@id":"https:\/\/arv-argentina.com\/es\/sintesis-informativa-60-2020\/#breadcrumb"},"inLanguage":"es","potentialAction":[{"@type":"ReadAction","target":[["https:\/\/arv-argentina.com\/es\/sintesis-informativa-60-2020\/"]]}]},{"@type":"ImageObject","inLanguage":"es","@id":"https:\/\/arv-argentina.com\/es\/sintesis-informativa-60-2020\/#primaryimage","url":"https:\/\/arv-argentina.com\/wp-content\/uploads\/2020\/09\/0001-aporte-solidario.png","contentUrl":"https:\/\/arv-argentina.com\/wp-content\/uploads\/2020\/09\/0001-aporte-solidario.png"},{"@type":"BreadcrumbList","@id":"https:\/\/arv-argentina.com\/es\/sintesis-informativa-60-2020\/#breadcrumb","itemListElement":[{"@type":"ListItem","position":1,"name":"Portada","item":"https:\/\/arv-argentina.com\/es\/"},{"@type":"ListItem","position":2,"name":"SINTESIS INFORMATIVA N\u00b0 60\/2020"}]},{"@type":"WebSite","@id":"https:\/\/arv-argentina.com\/es\/#website","url":"https:\/\/arv-argentina.com\/es\/","name":"ARV Argentina | Alvarez Roperti Venegas Consultores Tributarios &amp; Auditores","description":"Especialistas en Consultor\u00eda Tributaria y Auditor\u00edaEspecialistas en consultor\u00eda Tributaria y Auditor\u00eda","publisher":{"@id":"https:\/\/arv-argentina.com\/es\/#organization"},"potentialAction":[{"@type":"SearchAction","target":{"@type":"EntryPoint","urlTemplate":"https:\/\/arv-argentina.com\/es\/?s={search_term_string}"},"query-input":{"@type":"PropertyValueSpecification","valueRequired":true,"valueName":"search_term_string"}}],"inLanguage":"es"},{"@type":"Organization","@id":"https:\/\/arv-argentina.com\/es\/#organization","name":"ARV Argentina","url":"https:\/\/arv-argentina.com\/es\/","logo":{"@type":"ImageObject","inLanguage":"es","@id":"https:\/\/arv-argentina.com\/es\/#\/schema\/logo\/image\/","url":"http:\/\/arv-argentina.com\/wp-content\/uploads\/2016\/10\/arv-logo-head1.png","contentUrl":"http:\/\/arv-argentina.com\/wp-content\/uploads\/2016\/10\/arv-logo-head1.png","width":133,"height":54,"caption":"ARV Argentina"},"image":{"@id":"https:\/\/arv-argentina.com\/es\/#\/schema\/logo\/image\/"}},{"@type":"Person","@id":"https:\/\/arv-argentina.com\/#\/schema\/person\/b815cf94bd4970ab5da59116912fd46a","name":"arvonline"}]}},"_links":{"self":[{"href":"https:\/\/arv-argentina.com\/es\/wp-json\/wp\/v2\/posts\/17891","targetHints":{"allow":["GET"]}}],"collection":[{"href":"https:\/\/arv-argentina.com\/es\/wp-json\/wp\/v2\/posts"}],"about":[{"href":"https:\/\/arv-argentina.com\/es\/wp-json\/wp\/v2\/types\/post"}],"author":[{"embeddable":true,"href":"https:\/\/arv-argentina.com\/es\/wp-json\/wp\/v2\/users\/1"}],"replies":[{"embeddable":true,"href":"https:\/\/arv-argentina.com\/es\/wp-json\/wp\/v2\/comments?post=17891"}],"version-history":[{"count":2,"href":"https:\/\/arv-argentina.com\/es\/wp-json\/wp\/v2\/posts\/17891\/revisions"}],"predecessor-version":[{"id":17895,"href":"https:\/\/arv-argentina.com\/es\/wp-json\/wp\/v2\/posts\/17891\/revisions\/17895"}],"wp:attachment":[{"href":"https:\/\/arv-argentina.com\/es\/wp-json\/wp\/v2\/media?parent=17891"}],"wp:term":[{"taxonomy":"category","embeddable":true,"href":"https:\/\/arv-argentina.com\/es\/wp-json\/wp\/v2\/categories?post=17891"},{"taxonomy":"post_tag","embeddable":true,"href":"https:\/\/arv-argentina.com\/es\/wp-json\/wp\/v2\/tags?post=17891"}],"curies":[{"name":"wp","href":"https:\/\/api.w.org\/{rel}","templated":true}]}}