{"id":18078,"date":"2021-01-05T10:39:05","date_gmt":"2021-01-05T13:39:05","guid":{"rendered":"https:\/\/arv-argentina.com\/?p=18078"},"modified":"2021-01-05T10:39:05","modified_gmt":"2021-01-05T13:39:05","slug":"sintesis-informativa-01-2021","status":"publish","type":"post","link":"https:\/\/arv-argentina.com\/es\/sintesis-informativa-01-2021\/","title":{"rendered":"SINTESIS INFORMATIVA N\u00b0 01\/2021"},"content":{"rendered":"<p><\/p>\n<p style=\"text-align: justify;\"><b>CNV RG 877\/20 &#8211; ESTADOS FINANCIEROS INTERMEDIOS Y ANUALES. AMPLIACI\u00d3N DEL PLAZO DE PRESENTACI\u00d3N.<\/b><\/p>\n<p style=\"text-align: justify;\">\n<p style=\"text-align: justify;\"><span style=\"font-weight: 400;\">La Comisi\u00f3n Nacional de Valores ha dictado la Resoluci\u00f3n General N\u00ba 877\/20 que dispone la ampliaci\u00f3n del plazo de presentaci\u00f3n de los estados financieros de las entidades emisoras, los Fondos Comunes de Inversi\u00f3n Cerrados y los Fideicomisos Financieros, que se encuentren en el r\u00e9gimen de oferta p\u00fablica de valores negociables y adicionalmente los Fondos Comunes de Inversi\u00f3n Abiertos, las C\u00e1maras Compensadoras, las Sociedades Gerentes, los Agentes de Calificaci\u00f3n de Riesgo y dem\u00e1s agentes inscriptos en el Registro P\u00fablico a cargo de la Comisi\u00f3n Nacional de Valores.<\/span><\/p>\n<p style=\"text-align: justify;\">\n<p style=\"text-align: justify;\"><span style=\"font-weight: 400;\">Para los per\u00edodos Anuales con cierre el 31 de enero de 2020, el 29 de febrero de 2020, el 31 de marzo de 2020, el 30 de abril de 2020, el 31 de mayo de 2020, el 30 de junio de 2020, el 31 de julio de 2020, el 31 de agosto de 2020, el 30 de septiembre de 2020, el 31 de octubre de 2020, el 30 de noviembre de 2020 y el 31 de diciembre de 2020 e Intermedios (trimestral \/ semestral) con cierre el 29 de febrero de 2020, el 31 de marzo de 2020, el 30 de abril de 2020, el 31 de mayo de 2020, el 30 de junio de 2020, el 31 de julio de 2020, el 31 de agosto de 2020, el 30 de septiembre de 2020, el 31 de octubre de 2020, el 30 de noviembre de 2020 y el 31 de diciembre de 2020, deber\u00e1n ser presentados en los siguientes plazos:\u00a0<\/span><\/p>\n<p style=\"text-align: justify;\">\n<ol style=\"text-align: justify;\">\n<li><span style=\"font-weight: 400;\">Para los per\u00edodos intermedios, dentro de los SETENTA (70) d\u00edas corridos de cerrado el trimestre, o dentro de los DOS (2) d\u00edas de su aprobaci\u00f3n por el \u00f3rgano de administraci\u00f3n, lo que ocurra primero.\u00a0<\/span><\/li>\n<li><span style=\"font-weight: 400;\">Para los ejercicios anuales, dentro de los NOVENTA (90) d\u00edas corridos de finalizado el mismo, o dentro de los DOS (2) d\u00edas de su aprobaci\u00f3n por el \u00f3rgano de administraci\u00f3n, lo que ocurra primero.<\/span><\/li>\n<\/ol>\n<p style=\"text-align: justify;\">\n<p style=\"text-align: justify;\"><span style=\"font-weight: 400;\">Ciudad Aut\u00f3noma de Buenos Aires, enero de 2021.<\/span><\/p>\n<p><\/p>","protected":false},"excerpt":{"rendered":"<p>CNV RG 877\/20 &#8211; ESTADOS FINANCIEROS INTERMEDIOS Y ANUALES. AMPLIACI\u00d3N DEL PLAZO DE PRESENTACI\u00d3N. La Comisi\u00f3n Nacional de Valores ha dictado la Resoluci\u00f3n General N\u00ba 877\/20 que dispone la ampliaci\u00f3n del plazo de presentaci\u00f3n de los estados financieros de las entidades emisoras, los Fondos Comunes&#8230;<\/p>\n","protected":false},"author":1,"featured_media":0,"comment_status":"closed","ping_status":"closed","sticky":false,"template":"","format":"standard","meta":{"footnotes":""},"categories":[62],"tags":[],"class_list":["post-18078","post","type-post","status-publish","format-standard","hentry","category-sintesis-informativas"],"yoast_head":"<!-- This site is optimized with the Yoast SEO plugin v27.4 - https:\/\/yoast.com\/product\/yoast-seo-wordpress\/ -->\n<title>Estados financieros intermedios y anuales. ampliaci\u00f3n del plazo ...<\/title>\n<meta name=\"description\" content=\"Ampliaci\u00f3n del plazo de presentaci\u00f3n de los estados financieros de las entidades emisoras, los Fondos Comunes de Inversi\u00f3n ...\" \/>\n<meta name=\"robots\" content=\"index, follow, max-snippet:-1, max-image-preview:large, max-video-preview:-1\" \/>\n<link rel=\"canonical\" href=\"https:\/\/arv-argentina.com\/es\/sintesis-informativa-01-2021\/\" \/>\n<meta property=\"og:locale\" content=\"es_ES\" \/>\n<meta property=\"og:type\" content=\"article\" \/>\n<meta property=\"og:title\" content=\"Estados financieros intermedios y anuales. ampliaci\u00f3n del plazo ...\" \/>\n<meta property=\"og:description\" content=\"Ampliaci\u00f3n del plazo de presentaci\u00f3n de los estados financieros de las entidades emisoras, los Fondos Comunes de Inversi\u00f3n ...\" \/>\n<meta property=\"og:url\" content=\"https:\/\/arv-argentina.com\/es\/sintesis-informativa-01-2021\/\" \/>\n<meta property=\"og:site_name\" content=\"ARV Argentina | Alvarez Roperti Venegas Consultores Tributarios &amp; Auditores\" \/>\n<meta property=\"article:published_time\" content=\"2021-01-05T13:39:05+00:00\" \/>\n<meta name=\"author\" content=\"arvonline\" \/>\n<meta name=\"twitter:card\" content=\"summary_large_image\" \/>\n<meta name=\"twitter:label1\" content=\"Escrito por\" \/>\n\t<meta name=\"twitter:data1\" content=\"arvonline\" \/>\n\t<meta name=\"twitter:label2\" content=\"Tiempo de lectura\" \/>\n\t<meta name=\"twitter:data2\" content=\"2 minutos\" \/>\n<script type=\"application\/ld+json\" class=\"yoast-schema-graph\">{\"@context\":\"https:\\\/\\\/schema.org\",\"@graph\":[{\"@type\":\"Article\",\"@id\":\"https:\\\/\\\/arv-argentina.com\\\/sintesis-informativa-01-2021\\\/#article\",\"isPartOf\":{\"@id\":\"https:\\\/\\\/arv-argentina.com\\\/sintesis-informativa-01-2021\\\/\"},\"author\":{\"name\":\"arvonline\",\"@id\":\"https:\\\/\\\/arv-argentina.com\\\/#\\\/schema\\\/person\\\/b815cf94bd4970ab5da59116912fd46a\"},\"headline\":\"SINTESIS INFORMATIVA N\u00b0 01\\\/2021\",\"datePublished\":\"2021-01-05T13:39:05+00:00\",\"mainEntityOfPage\":{\"@id\":\"https:\\\/\\\/arv-argentina.com\\\/sintesis-informativa-01-2021\\\/\"},\"wordCount\":314,\"publisher\":{\"@id\":\"https:\\\/\\\/arv-argentina.com\\\/#organization\"},\"articleSection\":[\"S\u00edntesis Informativas\"],\"inLanguage\":\"es\"},{\"@type\":\"WebPage\",\"@id\":\"https:\\\/\\\/arv-argentina.com\\\/es\\\/sintesis-informativa-01-2021\\\/\",\"url\":\"https:\\\/\\\/arv-argentina.com\\\/es\\\/sintesis-informativa-01-2021\\\/\",\"name\":\"Estados financieros intermedios y anuales. ampliaci\u00f3n del plazo ...\",\"isPartOf\":{\"@id\":\"https:\\\/\\\/arv-argentina.com\\\/es\\\/#website\"},\"datePublished\":\"2021-01-05T13:39:05+00:00\",\"description\":\"Ampliaci\u00f3n del plazo de presentaci\u00f3n de los estados financieros de las entidades emisoras, los Fondos Comunes de Inversi\u00f3n ...\",\"breadcrumb\":{\"@id\":\"https:\\\/\\\/arv-argentina.com\\\/es\\\/sintesis-informativa-01-2021\\\/#breadcrumb\"},\"inLanguage\":\"es\",\"potentialAction\":[{\"@type\":\"ReadAction\",\"target\":[[\"https:\\\/\\\/arv-argentina.com\\\/es\\\/sintesis-informativa-01-2021\\\/\"]]}]},{\"@type\":\"BreadcrumbList\",\"@id\":\"https:\\\/\\\/arv-argentina.com\\\/es\\\/sintesis-informativa-01-2021\\\/#breadcrumb\",\"itemListElement\":[{\"@type\":\"ListItem\",\"position\":1,\"name\":\"Portada\",\"item\":\"https:\\\/\\\/arv-argentina.com\\\/es\\\/\"},{\"@type\":\"ListItem\",\"position\":2,\"name\":\"SINTESIS INFORMATIVA N\u00b0 01\\\/2021\"}]},{\"@type\":\"WebSite\",\"@id\":\"https:\\\/\\\/arv-argentina.com\\\/es\\\/#website\",\"url\":\"https:\\\/\\\/arv-argentina.com\\\/es\\\/\",\"name\":\"ARV Argentina | Alvarez Roperti Venegas Consultores Tributarios &amp; Auditores\",\"description\":\"Especialistas en Consultor\u00eda Tributaria y Auditor\u00edaEspecialistas en consultor\u00eda Tributaria y Auditor\u00eda\",\"publisher\":{\"@id\":\"https:\\\/\\\/arv-argentina.com\\\/es\\\/#organization\"},\"potentialAction\":[{\"@type\":\"SearchAction\",\"target\":{\"@type\":\"EntryPoint\",\"urlTemplate\":\"https:\\\/\\\/arv-argentina.com\\\/es\\\/?s={search_term_string}\"},\"query-input\":{\"@type\":\"PropertyValueSpecification\",\"valueRequired\":true,\"valueName\":\"search_term_string\"}}],\"inLanguage\":\"es\"},{\"@type\":\"Organization\",\"@id\":\"https:\\\/\\\/arv-argentina.com\\\/es\\\/#organization\",\"name\":\"ARV Argentina\",\"url\":\"https:\\\/\\\/arv-argentina.com\\\/es\\\/\",\"logo\":{\"@type\":\"ImageObject\",\"inLanguage\":\"es\",\"@id\":\"https:\\\/\\\/arv-argentina.com\\\/es\\\/#\\\/schema\\\/logo\\\/image\\\/\",\"url\":\"http:\\\/\\\/arv-argentina.com\\\/wp-content\\\/uploads\\\/2016\\\/10\\\/arv-logo-head1.png\",\"contentUrl\":\"http:\\\/\\\/arv-argentina.com\\\/wp-content\\\/uploads\\\/2016\\\/10\\\/arv-logo-head1.png\",\"width\":133,\"height\":54,\"caption\":\"ARV Argentina\"},\"image\":{\"@id\":\"https:\\\/\\\/arv-argentina.com\\\/es\\\/#\\\/schema\\\/logo\\\/image\\\/\"}},{\"@type\":\"Person\",\"@id\":\"https:\\\/\\\/arv-argentina.com\\\/#\\\/schema\\\/person\\\/b815cf94bd4970ab5da59116912fd46a\",\"name\":\"arvonline\"}]}<\/script>\n<!-- \/ Yoast SEO plugin. -->","yoast_head_json":{"title":"Estados financieros intermedios y anuales. ampliaci\u00f3n del plazo ...","description":"Ampliaci\u00f3n del plazo de presentaci\u00f3n de los estados financieros de las entidades emisoras, los Fondos Comunes de Inversi\u00f3n ...","robots":{"index":"index","follow":"follow","max-snippet":"max-snippet:-1","max-image-preview":"max-image-preview:large","max-video-preview":"max-video-preview:-1"},"canonical":"https:\/\/arv-argentina.com\/es\/sintesis-informativa-01-2021\/","og_locale":"es_ES","og_type":"article","og_title":"Estados financieros intermedios y anuales. ampliaci\u00f3n del plazo ...","og_description":"Ampliaci\u00f3n del plazo de presentaci\u00f3n de los estados financieros de las entidades emisoras, los Fondos Comunes de Inversi\u00f3n ...","og_url":"https:\/\/arv-argentina.com\/es\/sintesis-informativa-01-2021\/","og_site_name":"ARV Argentina | Alvarez Roperti Venegas Consultores Tributarios &amp; Auditores","article_published_time":"2021-01-05T13:39:05+00:00","author":"arvonline","twitter_card":"summary_large_image","twitter_misc":{"Escrito por":"arvonline","Tiempo de lectura":"2 minutos"},"schema":{"@context":"https:\/\/schema.org","@graph":[{"@type":"Article","@id":"https:\/\/arv-argentina.com\/sintesis-informativa-01-2021\/#article","isPartOf":{"@id":"https:\/\/arv-argentina.com\/sintesis-informativa-01-2021\/"},"author":{"name":"arvonline","@id":"https:\/\/arv-argentina.com\/#\/schema\/person\/b815cf94bd4970ab5da59116912fd46a"},"headline":"SINTESIS INFORMATIVA N\u00b0 01\/2021","datePublished":"2021-01-05T13:39:05+00:00","mainEntityOfPage":{"@id":"https:\/\/arv-argentina.com\/sintesis-informativa-01-2021\/"},"wordCount":314,"publisher":{"@id":"https:\/\/arv-argentina.com\/#organization"},"articleSection":["S\u00edntesis Informativas"],"inLanguage":"es"},{"@type":"WebPage","@id":"https:\/\/arv-argentina.com\/es\/sintesis-informativa-01-2021\/","url":"https:\/\/arv-argentina.com\/es\/sintesis-informativa-01-2021\/","name":"Estados financieros intermedios y anuales. ampliaci\u00f3n del plazo ...","isPartOf":{"@id":"https:\/\/arv-argentina.com\/es\/#website"},"datePublished":"2021-01-05T13:39:05+00:00","description":"Ampliaci\u00f3n del plazo de presentaci\u00f3n de los estados financieros de las entidades emisoras, los Fondos Comunes de Inversi\u00f3n ...","breadcrumb":{"@id":"https:\/\/arv-argentina.com\/es\/sintesis-informativa-01-2021\/#breadcrumb"},"inLanguage":"es","potentialAction":[{"@type":"ReadAction","target":[["https:\/\/arv-argentina.com\/es\/sintesis-informativa-01-2021\/"]]}]},{"@type":"BreadcrumbList","@id":"https:\/\/arv-argentina.com\/es\/sintesis-informativa-01-2021\/#breadcrumb","itemListElement":[{"@type":"ListItem","position":1,"name":"Portada","item":"https:\/\/arv-argentina.com\/es\/"},{"@type":"ListItem","position":2,"name":"SINTESIS INFORMATIVA N\u00b0 01\/2021"}]},{"@type":"WebSite","@id":"https:\/\/arv-argentina.com\/es\/#website","url":"https:\/\/arv-argentina.com\/es\/","name":"ARV Argentina | Alvarez Roperti Venegas Consultores Tributarios &amp; Auditores","description":"Especialistas en Consultor\u00eda Tributaria y Auditor\u00edaEspecialistas en consultor\u00eda Tributaria y Auditor\u00eda","publisher":{"@id":"https:\/\/arv-argentina.com\/es\/#organization"},"potentialAction":[{"@type":"SearchAction","target":{"@type":"EntryPoint","urlTemplate":"https:\/\/arv-argentina.com\/es\/?s={search_term_string}"},"query-input":{"@type":"PropertyValueSpecification","valueRequired":true,"valueName":"search_term_string"}}],"inLanguage":"es"},{"@type":"Organization","@id":"https:\/\/arv-argentina.com\/es\/#organization","name":"ARV Argentina","url":"https:\/\/arv-argentina.com\/es\/","logo":{"@type":"ImageObject","inLanguage":"es","@id":"https:\/\/arv-argentina.com\/es\/#\/schema\/logo\/image\/","url":"http:\/\/arv-argentina.com\/wp-content\/uploads\/2016\/10\/arv-logo-head1.png","contentUrl":"http:\/\/arv-argentina.com\/wp-content\/uploads\/2016\/10\/arv-logo-head1.png","width":133,"height":54,"caption":"ARV Argentina"},"image":{"@id":"https:\/\/arv-argentina.com\/es\/#\/schema\/logo\/image\/"}},{"@type":"Person","@id":"https:\/\/arv-argentina.com\/#\/schema\/person\/b815cf94bd4970ab5da59116912fd46a","name":"arvonline"}]}},"_links":{"self":[{"href":"https:\/\/arv-argentina.com\/es\/wp-json\/wp\/v2\/posts\/18078","targetHints":{"allow":["GET"]}}],"collection":[{"href":"https:\/\/arv-argentina.com\/es\/wp-json\/wp\/v2\/posts"}],"about":[{"href":"https:\/\/arv-argentina.com\/es\/wp-json\/wp\/v2\/types\/post"}],"author":[{"embeddable":true,"href":"https:\/\/arv-argentina.com\/es\/wp-json\/wp\/v2\/users\/1"}],"replies":[{"embeddable":true,"href":"https:\/\/arv-argentina.com\/es\/wp-json\/wp\/v2\/comments?post=18078"}],"version-history":[{"count":2,"href":"https:\/\/arv-argentina.com\/es\/wp-json\/wp\/v2\/posts\/18078\/revisions"}],"predecessor-version":[{"id":18080,"href":"https:\/\/arv-argentina.com\/es\/wp-json\/wp\/v2\/posts\/18078\/revisions\/18080"}],"wp:attachment":[{"href":"https:\/\/arv-argentina.com\/es\/wp-json\/wp\/v2\/media?parent=18078"}],"wp:term":[{"taxonomy":"category","embeddable":true,"href":"https:\/\/arv-argentina.com\/es\/wp-json\/wp\/v2\/categories?post=18078"},{"taxonomy":"post_tag","embeddable":true,"href":"https:\/\/arv-argentina.com\/es\/wp-json\/wp\/v2\/tags?post=18078"}],"curies":[{"name":"wp","href":"https:\/\/api.w.org\/{rel}","templated":true}]}}