{"id":18217,"date":"2021-04-22T11:11:59","date_gmt":"2021-04-22T14:11:59","guid":{"rendered":"https:\/\/arv-argentina.com\/?p=18217"},"modified":"2021-04-22T12:56:58","modified_gmt":"2021-04-22T15:56:58","slug":"sintesis-informativa-30-2021","status":"publish","type":"post","link":"https:\/\/arv-argentina.com\/es\/sintesis-informativa-30-2021\/","title":{"rendered":"SINTESIS INFORMATIVA N\u00b0 30\/2021"},"content":{"rendered":"<p><\/p>\n<p style=\"text-align: justify;\"><b>Ley N\u00b0 27.618. R\u00e9gimen de sostenimiento e inclusi\u00f3n fiscal para peque\u00f1os contribuyentes. B.O. 21\/04\/2021<\/b><\/p>\n<p style=\"text-align: justify;\"><span style=\"font-weight: 400;\">Mediante la Ley N\u00b0 27.618, publicada en el d\u00eda de hoy en el Bolet\u00edn Oficial, se establecen un R\u00e9gimen de Sostenimiento e Inclusi\u00f3n Fiscal para los sujetos comprendidos en el R\u00e9gimen Simplificado para Peque\u00f1os Contribuyentes, Beneficio a peque\u00f1os contribuyentes cumplidores, Procedimiento transitorio de acceso al R\u00e9gimen General, Procedimiento permanente de transici\u00f3n al R\u00e9gimen General y R\u00e9gimen voluntario de promoci\u00f3n tributaria del R\u00e9gimen General.<\/span><\/p>\n<p style=\"text-align: justify;\"><span style=\"font-weight: 400;\">A continuaci\u00f3n, se rese\u00f1an los aspectos m\u00e1s sobresalientes:<\/span><\/p>\n<p>&nbsp;<\/p>\n<p style=\"text-align: justify;\"><strong>R\u00e9gimen de Sostenimiento e Inclusi\u00f3n Fiscal para los sujetos comprendidos en el R\u00e9gimen Simplificado para Peque\u00f1os Contribuyentes<\/strong><\/p>\n<p>&nbsp;<\/p>\n<ul style=\"text-align: justify;\">\n<li style=\"font-weight: 400;\" aria-level=\"1\"><span style=\"font-weight: 400;\">T\u00e9nganse por cumplidos, hasta el 31 de diciembre de 2020, inclusive, los requisitos de permanencia en el R\u00e9gimen Simplificado para Peque\u00f1os Contribuyentes establecidos en el anexo de la ley 24.977, sus modificaciones y complementarias, para los sujetos que a esa fecha contin\u00faen inscriptos en \u00e9l.<\/span><\/li>\n<li style=\"font-weight: 400;\" aria-level=\"1\"><span style=\"font-weight: 400;\">Art. 3: No quedar\u00e1n comprendidos en el p\u00e1rrafo anterior los contribuyentes cuya suma de ingresos brutos, determinada conforme a lo dispuesto en el inciso a) del art\u00edculo 20 del anexo de la ley 24.977, sus modificaciones y complementarias, hubiera excedido en m\u00e1s de un veinticinco por ciento (25%) el l\u00edmite superior establecido para la m\u00e1xima categor\u00eda que, conforme lo previsto en el art\u00edculo 8\u00b0 del referido anexo, haya resultado aplicable en funci\u00f3n de la actividad.<\/span><\/li>\n<li style=\"font-weight: 400;\" aria-level=\"1\"><span style=\"font-weight: 400;\">Los contribuyentes cuyos ingresos brutos hubieren excedido en hasta un veinticinco por ciento (25%) el l\u00edmite indicado en el p\u00e1rrafo anterior, solo se considerar\u00e1n comprendidos en el R\u00e9gimen Simplificado si re\u00fanen, <\/span><b>en forma conjunta<\/b><span style=\"font-weight: 400;\">, los requisitos que se disponen a continuaci\u00f3n:<\/span><\/li>\n<\/ul>\n<p style=\"text-align: justify;\"><span style=\"font-weight: 400;\">a) Abonar la suma que resulte de detraer del impuesto integrado los aportes al Sistema Integrado Previsional Argentino (SIPA) y los aportes al R\u00e9gimen Nacional de Obras Sociales correspondientes a la categor\u00eda m\u00e1xima, los importes que, por iguales conceptos, fueron ingresados conforme a la categor\u00eda que hubieren revestido a la fecha en la que se hubiera producido el excedente. Lo dispuesto en este inciso ser\u00e1 de aplicaci\u00f3n desde el mes en el que se hubiese excedido, por primera vez, el l\u00edmite superior de ingresos brutos correspondientes a la m\u00e1xima categor\u00eda de la actividad y hasta el mes de diciembre de 2020, ambos inclusive, debiendo permanecer categorizado en aquella durante todo ese plazo;<\/span><\/p>\n<p style=\"text-align: justify;\"><span style=\"font-weight: 400;\">b) Ingresar en concepto de impuesto integrado un monto adicional que se determinar\u00e1 en funci\u00f3n de multiplicar el coeficiente de cero coma uno (0,1) sobre la diferencia entre los ingresos brutos devengados y el l\u00edmite superior de ingresos brutos de la m\u00e1xima categor\u00eda que corresponda seg\u00fan la actividad desarrollada por el contribuyente, conforme lo establecido en el art\u00edculo 8\u00b0 del anexo de la ley 24.977, sus modificatorias y complementarias, considerando el plazo de vigencia de cada uno de los referidos l\u00edmites superiores. A su vez, quienes se encuentren obligados a ingresar las cotizaciones previstas en el art\u00edculo 39 del referido anexo, deber\u00e1n abonar igual importe adicional en concepto de aporte a la seguridad social, que se destinar\u00e1 en partes iguales al Sistema Integrado Previsional Argentino (SIPA) y al R\u00e9gimen Nacional de Obras Sociales. Lo dispuesto en este inciso ser\u00e1 de aplicaci\u00f3n desde el d\u00eda en que se hubiese verificado el excedente y hasta el 31 de diciembre de 2020, ambos inclusive.<\/span><\/p>\n<ul style=\"text-align: justify;\">\n<li style=\"font-weight: 400;\" aria-level=\"1\"><span style=\"font-weight: 400;\">En caso de no optar por permanecer en el R\u00e9gimen Simplificado conforme lo previsto en el p\u00e1rrafo anterior, los contribuyentes all\u00ed mencionados se considerar\u00e1n excluidos de ese r\u00e9gimen desde las cero (00.00) horas del d\u00eda en que se haya excedido el l\u00edmite superior de ingresos brutos de la m\u00e1xima categor\u00eda que correspondi\u00f3 a la actividad, resultando de aplicaci\u00f3n lo dispuesto en el art\u00edculo 6\u00b0 de esta ley.\u00a0<\/span><\/li>\n<\/ul>\n<p>&nbsp;<\/p>\n<p style=\"text-align: justify;\"><strong>Beneficio a peque\u00f1os contribuyentes cumplidores<\/strong><\/p>\n<p>&nbsp;<\/p>\n<ul style=\"text-align: justify;\">\n<li style=\"font-weight: 400;\" aria-level=\"1\"><span style=\"font-weight: 400;\">Art. 4: Los sujetos que hubiesen comunicado su exclusi\u00f3n al R\u00e9gimen Simplificado para Peque\u00f1os Contribuyentes y solicitado el alta en los tributos del R\u00e9gimen General de los que resultasen responsables, hasta el \u00faltimo d\u00eda del mes siguiente a aquel en el que hubiese acaecido la causal de exclusi\u00f3n, en las formas previstas para ello, o que hayan renunciado, en ambos casos, desde el 1\u00b0 de octubre de 2019 y hasta el 31 de diciembre de 2020, ambas fechas inclusive, y siempre que los ingresos brutos devengados bajo el R\u00e9gimen General de impuestos en el referido per\u00edodo no hubiesen excedido, en ning\u00fan momento, en m\u00e1s de un veinticinco por ciento (25%) el l\u00edmite superior previsto para la categor\u00eda m\u00e1xima que, conforme el art\u00edculo 8\u00b0 del anexo de la ley 24.977, sus modificaciones y complementarias, haya resultado aplicable, podr\u00e1n optar por:<\/span><\/li>\n<\/ul>\n<p style=\"text-align: justify;\"><span style=\"font-weight: 400;\">a) Acogerse a los beneficios previstos en el segundo art\u00edculo incorporado sin n\u00famero a continuaci\u00f3n del art\u00edculo 21 del anexo de la ley 24.977, sus modificaciones y complementarias; o<\/span><\/p>\n<p style=\"text-align: justify;\"><span style=\"font-weight: 400;\">b) Adherirse nuevamente al R\u00e9gimen Simplificado, sin que resulten de aplicaci\u00f3n los plazos dispuestos por los art\u00edculos 19 y 21 del anexo de la ley 24.977, sus modificaciones y complementarias, en la medida en que cumplan con las restantes condiciones requeridas en esa norma.<\/span><\/p>\n<ul style=\"text-align: justify;\">\n<li style=\"font-weight: 400;\" aria-level=\"1\"><span style=\"font-weight: 400;\">De excederse el porcentaje indicado en el primer p\u00e1rrafo, los contribuyentes comprendidos en los supuestos all\u00ed referidos no podr\u00e1n optar por lo previsto en el inciso b) precedente, pero podr\u00e1n formalizar el acogimiento contemplado en el inciso a) si se verifica la condici\u00f3n mencionada en el art\u00edculo siguiente.<\/span><\/li>\n<\/ul>\n<ul style=\"text-align: justify;\">\n<li style=\"font-weight: 400;\" aria-level=\"1\"><span style=\"font-weight: 400;\">El acogimiento o la adhesi\u00f3n previstos en los p\u00e1rrafos anteriores solo podr\u00e1n efectuarse una \u00fanica vez hasta el plazo que disponga la reglamentaci\u00f3n. De optarse por el acogimiento a los beneficios previstos en el segundo art\u00edculo incorporado sin n\u00famero a continuaci\u00f3n del art\u00edculo 21 del anexo de la ley 24.977, sus modificaciones y complementarias, la reducci\u00f3n del impuesto al valor agregado all\u00ed contemplada proceder\u00e1 durante los tres (3) primeros a\u00f1os contados, excepcionalmente, a partir del primer d\u00eda del mes siguiente a aquel en el que se ejerza la opci\u00f3n.<\/span><\/li>\n<\/ul>\n<p>&nbsp;<\/p>\n<p style=\"text-align: justify;\"><strong>Procedimiento transitorio de acceso al R\u00e9gimen General<\/strong><\/p>\n<p>&nbsp;<\/p>\n<ul style=\"text-align: justify;\">\n<li style=\"font-weight: 400;\" aria-level=\"1\"><span style=\"font-weight: 400;\">Art.5: Establ\u00e9cese un procedimiento de car\u00e1cter transitorio de acceso al R\u00e9gimen General de Impuestos para quienes se encuentren inscriptos en el R\u00e9gimen Simplificado para Peque\u00f1os Contribuyentes, sujeto a los t\u00e9rminos y condiciones dispuestos en el presente cap\u00edtulo, que resultar\u00e1 de aplicaci\u00f3n \u00fanicamente para los contribuyentes cuyos ingresos brutos no superen, a la fecha que disponga la reglamentaci\u00f3n, el cincuenta por ciento (50%) del l\u00edmite de ventas totales anuales previsto para la categorizaci\u00f3n como micro empresas de acuerdo con la actividad desarrollada en la resoluci\u00f3n 220 del 12 de abril de 2019 de la entonces Secretar\u00eda de Emprendedores y de la Peque\u00f1a y Mediana Empresa del entonces Ministerio de Producci\u00f3n y Trabajo y sus modificatorias, o la que en el futuro la reemplace.<\/span><\/li>\n<\/ul>\n<ul style=\"text-align: justify;\">\n<li style=\"font-weight: 400;\" aria-level=\"1\"><span style=\"font-weight: 400;\">Art. 6: Los contribuyentes que, cumpliendo con lo dispuesto en el art\u00edculo anterior, est\u00e9n incluidos en el primer p\u00e1rrafo del art\u00edculo 3\u00b0 de esta ley y contin\u00faen inscriptos en el R\u00e9gimen Simplificado hasta el 31 de diciembre de 2020, inclusive, podr\u00e1n acogerse a los beneficios del presente art\u00edculo, siempre que, con anterioridad a la fecha que disponga la reglamentaci\u00f3n, se produzca el alta en los tributos del R\u00e9gimen General de los que resulten responsables con efectos desde las cero (00.00) horas del d\u00eda en que se hubiera producido la causal de exclusi\u00f3n.<\/span><\/li>\n<\/ul>\n<ul style=\"text-align: justify;\">\n<li style=\"font-weight: 400;\" aria-level=\"1\"><span style=\"font-weight: 400;\">Quienes se encuentren comprendidos en el supuesto indicado en el p\u00e1rrafo anterior, podr\u00e1n determinar el impuesto al valor agregado y el impuesto a las ganancias que les corresponda, por los hechos imponibles perfeccionados a partir de que la exclusi\u00f3n haya surtido efectos y hasta el 31 de diciembre de 2020, conforme se expone a continuaci\u00f3n, sin perjuicio de lo dispuesto en el \u00faltimo p\u00e1rrafo del art\u00edculo 21 del anexo de la ley 24.977, sus modificaciones y complementarias:<\/span><\/li>\n<\/ul>\n<p style=\"text-align: justify;\"><span style=\"font-weight: 400;\">a) En el impuesto al valor agregado solo podr\u00e1n computar como cr\u00e9dito fiscal, en los t\u00e9rminos del art\u00edculo 12 de la Ley de Impuesto al Valor Agregado, texto ordenado en 1997 y sus modificaciones, la suma que resulte de considerar en cada per\u00edodo fiscal:<\/span><\/p>\n<p style=\"text-align: justify;\"><span style=\"font-weight: 400;\">I) Un cr\u00e9dito fiscal presunto del diecisiete con treinta y cinco por ciento (17,35%) del monto total que los responsables inscriptos en dicho impuesto les hubieren facturado en ese per\u00edodo por las compras de bienes, locaciones o prestaciones de servicios gravadas, en la medida que se encuentren vinculadas con la actividad gravada del contribuyente; y<\/span><\/p>\n<p style=\"text-align: justify;\"><span style=\"font-weight: 400;\">II) Un importe equivalente a una doceava parte de la suma que resulte de aplicar el cincuenta por ciento (50%) de la al\u00edcuota del impuesto al valor agregado que le hubiera correspondido al contribuyente sobre el l\u00edmite superior de ingresos brutos correspondiente a la categor\u00eda m\u00e1xima que, conforme el art\u00edculo 8\u00b0 del anexo de la ley 24.977, sus modificaciones y complementarias, result\u00f3 aplicable en funci\u00f3n de su actividad.<\/span><\/p>\n<p style=\"text-align: justify;\"><span style=\"font-weight: 400;\">b) En el impuesto a las ganancias, los contribuyentes solo podr\u00e1n detraer de la base imponible en cada per\u00edodo fiscal:<\/span><\/p>\n<p style=\"text-align: justify;\"><span style=\"font-weight: 400;\">I) Como gasto deducible de la categor\u00eda de renta que le corresponda, una suma equivalente al ochenta y dos con sesenta y cinco por ciento (82,65%) del monto total facturado por responsables inscriptos en el impuesto al valor agregado en concepto de compras de bienes, locaciones o prestaciones de servicios cuya deducci\u00f3n resulte imputable a ese per\u00edodo fiscal conforme a la Ley de Impuesto a las Ganancias, texto ordenado en 2019 y sus modificaciones, en la medida que se encuentren vinculadas con la actividad del contribuyente gravada por el impuesto a las ganancias;<\/span><\/p>\n<p style=\"text-align: justify;\"><span style=\"font-weight: 400;\">II) Una deducci\u00f3n especial en los t\u00e9rminos del art\u00edculo 85 de la Ley de Impuesto a la Ganancias, texto ordenado en 2019 y sus modificaciones, por un importe equivalente al cincuenta por ciento (50%) del l\u00edmite superior de ingresos brutos correspondiente a la categor\u00eda m\u00e1xima que, conforme el art\u00edculo 8\u00b0 del anexo de la ley 24.977, sus modificaciones y complementarias, result\u00f3 aplicable en funci\u00f3n de la actividad. En el caso de que el alta en el impuesto a las ganancias tenga efectos con posterioridad al inicio de un a\u00f1o calendario, el monto de esta deducci\u00f3n ser\u00e1 proporcional a los meses por los que corresponda declarar el impuesto;<\/span><\/p>\n<p style=\"text-align: justify;\"><span style=\"font-weight: 400;\">III) Las restantes deducciones que resulten admisibles conforme a la Ley de Impuesto a la Ganancias, texto ordenado en 2019 y sus modificaciones.<\/span><\/p>\n<p style=\"text-align: justify;\"><span style=\"font-weight: 400;\">Los montos que resulten de lo previsto en los apartados i) y ii) del p\u00e1rrafo anterior solo podr\u00e1n deducirse hasta el l\u00edmite del setenta y cinco por ciento (75%) del importe que surja de la sumatoria de las ganancias brutas de las cuatro categor\u00edas de impuesto a las ganancias, determinadas conforme a las disposiciones de la ley de ese gravamen.<\/span><\/p>\n<ul style=\"text-align: justify;\">\n<li style=\"font-weight: 400;\" aria-level=\"1\"><span style=\"font-weight: 400;\">A los fines del presente art\u00edculo, no resultar\u00e1 de aplicaci\u00f3n ninguna disposici\u00f3n de otra norma legal que se oponga a lo aqu\u00ed dispuesto.<\/span><\/li>\n<\/ul>\n<ul style=\"text-align: justify;\">\n<li style=\"font-weight: 400;\" aria-level=\"1\"><span style=\"font-weight: 400;\">Art. 7: Los contribuyentes que, cumpliendo con lo dispuesto en el art\u00edculo 5\u00b0, resultaren excluidos del R\u00e9gimen Simplificado por el acaecimiento de alguna de las causales previstas en el art\u00edculo 20 del anexo de la ley 24.977, sus modificaciones y complementarias, durante el a\u00f1o calendario 2021, o que, en ese mismo a\u00f1o, hayan renunciado con el fin de obtener el car\u00e1cter de responsable inscripto en el R\u00e9gimen General, podr\u00e1n acogerse a los beneficios del presente art\u00edculo.<\/span><\/li>\n<\/ul>\n<ul style=\"text-align: justify;\">\n<li style=\"font-weight: 400;\" aria-level=\"1\"><span style=\"font-weight: 400;\">Para los hechos imponibles que se perfeccionen hasta el 31 de diciembre de 2021, inclusive, dichos contribuyentes podr\u00e1n determinar el impuesto al valor agregado y el impuesto a las ganancias que les corresponda, considerando las siguientes franquicias:<\/span><\/li>\n<\/ul>\n<p style=\"text-align: justify;\"><span style=\"font-weight: 400;\">a) En el impuesto al valor agregado, podr\u00e1n adicionar, en cada per\u00edodo fiscal, al cr\u00e9dito fiscal que sea pertinente conforme a los art\u00edculos 12 y 13 de la Ley de Impuesto al Valor Agregado, texto ordenado en 1997 y sus modificaciones, un importe equivalente a una doceava parte de la suma que resulte de aplicar el cincuenta por ciento (50%) de la al\u00edcuota del impuesto al valor agregado que le hubiera correspondido al contribuyente sobre el l\u00edmite superior de ingresos brutos correspondiente a la categor\u00eda m\u00e1xima que, conforme el art\u00edculo 8\u00b0 del anexo de la ley 24.977, sus modificaciones y complementarias, result\u00f3 aplicable en funci\u00f3n de su actividad.<\/span><\/p>\n<p style=\"text-align: justify;\"><span style=\"font-weight: 400;\">El cr\u00e9dito fiscal que resulte de lo dispuesto en el p\u00e1rrafo anterior, solo podr\u00e1 computarse hasta el setenta y cinco por ciento (75%) del d\u00e9bito fiscal determinado para el per\u00edodo fiscal de que se trate, conforme el art\u00edculo 11 de la Ley de Impuesto al Valor Agregado, texto ordenado en 1997 y sus modificaciones, o hasta el monto del cr\u00e9dito fiscal que resulte de considerar las disposiciones de la referida ley, el que resulte mayor;<\/span><\/p>\n<p style=\"text-align: justify;\"><span style=\"font-weight: 400;\">b) En el impuesto a las ganancias, en el per\u00edodo fiscal 2021, podr\u00e1n adicionar a las detracciones de la base imponible que resulten pertinentes conforme a la Ley de Impuesto a las Ganancias, texto ordenado en 2019 y sus modificaciones, una deducci\u00f3n en los t\u00e9rminos del art\u00edculo 85 de esa ley por un importe equivalente al cincuenta por ciento (50%) del l\u00edmite superior de ingresos brutos correspondiente a la categor\u00eda m\u00e1xima que, conforme el art\u00edculo 8\u00b0 del anexo de la ley 24.977, sus modificaciones y complementarias, resulte aplicable en funci\u00f3n de la actividad. El referido l\u00edmite ser\u00e1 proporcional a los meses en los que correspondi\u00f3 declarar el gravamen para el caso en que el alta en el impuesto a las ganancias haya tenido efectos con posterioridad al inicio de un a\u00f1o calendario.<\/span><\/p>\n<p style=\"text-align: justify;\"><span style=\"font-weight: 400;\">La deducci\u00f3n adicional antes mencionada m\u00e1s los gastos deducibles de la categor\u00eda de renta que corresponda solo podr\u00e1n detraerse hasta el l\u00edmite del setenta y cinco por ciento (75%) del importe que surja de la sumatoria de las ganancias brutas de las cuatro categor\u00edas de impuesto a las ganancias, determinadas conforme a las disposiciones de la ley de ese gravamen, o hasta el monto del referido gasto real, el que resulte mayor.<\/span><\/p>\n<ul style=\"text-align: justify;\">\n<li style=\"font-weight: 400;\" aria-level=\"1\"><span style=\"font-weight: 400;\">A los fines del presente art\u00edculo, no resultar\u00e1 de aplicaci\u00f3n ninguna disposici\u00f3n de otra norma legal que se oponga a lo aqu\u00ed dispuesto.<\/span><\/li>\n<\/ul>\n<ul style=\"text-align: justify;\">\n<li style=\"font-weight: 400;\" aria-level=\"1\"><span style=\"font-weight: 400;\">Art. 8: Establ\u00e9cese que aquellos sujetos comprendidos en el art\u00edculo 4\u00b0 de la presente ley que hubiesen optado por el tratamiento dispuesto en el inciso a) de ese art\u00edculo no podr\u00e1n reingresar al R\u00e9gimen Simplificado hasta despu\u00e9s de transcurridos tres (3) a\u00f1os calendario posteriores a aquel en que tenga efectos la exclusi\u00f3n o renuncia o un (1) a\u00f1o calendario posterior a la finalizaci\u00f3n del \u00faltimo per\u00edodo fiscal en el que hayan gozado dicho tratamiento de forma completa, lo que fuera posterior. Similar limitaci\u00f3n operar\u00e1 para quienes hubiesen gozado de los beneficios previstos en el art\u00edculo 6\u00b0 de esta ley, no pudiendo producirse el reingreso hasta despu\u00e9s de transcurridos tres (3) a\u00f1os calendario posteriores a aquel en que tenga efectos la exclusi\u00f3n o hasta el 1\u00b0 de enero de 2022, lo que fuera posterior.\u00a0<\/span><\/li>\n<\/ul>\n<p>&nbsp;<\/p>\n<p style=\"text-align: justify;\"><strong>Procedimiento permanente de transici\u00f3n al R\u00e9gimen General<\/strong><\/p>\n<p>&nbsp;<\/p>\n<ul style=\"text-align: justify;\">\n<li style=\"font-weight: 400;\" aria-level=\"1\"><span style=\"font-weight: 400;\">Art. 9\u00b0- Incorp\u00f3rese como primer art\u00edculo sin n\u00famero a continuaci\u00f3n del art\u00edculo 21 del anexo de la ley 24.977, sus modificaciones y complementarias, <\/span><b>con efectos a partir del 1\u00b0 de enero de 2022, inclusive<\/b><span style=\"font-weight: 400;\">, el siguiente:<\/span><\/li>\n<\/ul>\n<ul style=\"text-align: justify;\">\n<li style=\"font-weight: 400;\" aria-level=\"1\"><span style=\"font-weight: 400;\">Art\u00edculo \u2026: Procedimiento permanente de transici\u00f3n al R\u00e9gimen General. Los contribuyentes que resulten excluidos o efect\u00faen la renuncia al R\u00e9gimen Simplificado con el fin de obtener el car\u00e1cter de inscriptos ante el R\u00e9gimen General, podr\u00e1n acogerse a los beneficios del presente art\u00edculo, por \u00fanica vez, y en la medida que sus ingresos brutos no superen, a la fecha que determine la reglamentaci\u00f3n, el cincuenta por ciento (50%) del l\u00edmite de ventas totales anuales previsto para la categorizaci\u00f3n como micro empresas de acuerdo con la actividad desarrollada en la resoluci\u00f3n 220 del 12 de abril de 2019 de la entonces Secretar\u00eda de Emprendedores y de la Peque\u00f1a y Mediana Empresa del entonces Ministerio de Producci\u00f3n y Trabajo y sus modificatorias, o la que en el futuro la reemplace.<\/span><\/li>\n<li style=\"font-weight: 400;\" aria-level=\"1\"><span style=\"font-weight: 400;\">Dichos contribuyentes podr\u00e1n determinar el impuesto al valor agregado y el impuesto a las ganancias que les corresponda por los hechos imponibles perfeccionados durante el primer per\u00edodo fiscal finalizado con posterioridad al d\u00eda en que la exclusi\u00f3n o renuncia haya surtido efectos, conforme se expone a continuaci\u00f3n:<\/span><\/li>\n<\/ul>\n<p style=\"text-align: justify;\"><span style=\"font-weight: 400;\">a) En el impuesto al valor agregado, al solo efecto de la aplicaci\u00f3n de este procedimiento, podr\u00e1n adicionar al cr\u00e9dito fiscal que resulte pertinente conforme a los art\u00edculos 12 y 13 de la Ley de Impuesto al Valor Agregado, texto ordenado en 1997 y sus modificatorias, el impuesto que se les hubiere facturado y discriminado en los doce (12) meses anteriores a la fecha en que la exclusi\u00f3n o la renuncia haya surtido efectos, por compras de bienes, locaciones o prestaciones de servicios en la medida que se hubieren encontrado vinculadas con la misma actividad por la que se declara el impuesto;<\/span><\/p>\n<p style=\"text-align: justify;\"><span style=\"font-weight: 400;\">b) En el impuesto a las ganancias, al solo efecto de la aplicaci\u00f3n de este procedimiento, los contribuyentes podr\u00e1n deducir como gasto de la categor\u00eda de renta que les corresponda, el monto neto del impuesto al valor agregado que se les hubiera facturado en los doce (12) meses anteriores a la fecha en que la exclusi\u00f3n o la renuncia haya surtido efectos, por las compras de bienes, locaciones o prestaciones de servicios cuya deducci\u00f3n hubiera resultado imputable al per\u00edodo fiscal al que hubieran pertenecido dichos meses conforme a la Ley de Impuesto a las Ganancias, texto ordenado en 2019 y sus modificaciones, en la medida que se hubieren encontrado vinculadas con la misma actividad por la que se declara el impuesto. La referida detracci\u00f3n se practicar\u00e1 sin perjuicio de las dem\u00e1s deducciones que resulten aplicables al per\u00edodo fiscal de que se trate de conformidad con las disposiciones de la mencionada ley del gravamen.<\/span><\/p>\n<ul style=\"text-align: justify;\">\n<li style=\"font-weight: 400;\" aria-level=\"1\"><span style=\"font-weight: 400;\">A los fines del presente art\u00edculo, no resultar\u00e1 de aplicaci\u00f3n ninguna disposici\u00f3n de otra norma legal que se oponga a lo aqu\u00ed dispuesto.<\/span><\/li>\n<\/ul>\n<p>&nbsp;<\/p>\n<p style=\"text-align: justify;\"><strong>R\u00e9gimen voluntario de promoci\u00f3n tributaria del R\u00e9gimen General<\/strong><\/p>\n<p>&nbsp;<\/p>\n<ul style=\"text-align: justify;\">\n<li style=\"font-weight: 400;\" aria-level=\"1\"><span style=\"font-weight: 400;\">Art. 10: Incorp\u00f3rase como segundo p\u00e1rrafo del art\u00edculo 19 del anexo de la ley 24.977, sus modificaciones y complementarias, <\/span><b>con efectos a partir del 1\u00b0 de enero de 2021, inclusive<\/b><span style=\"font-weight: 400;\">, el siguiente:<\/span><\/li>\n<li style=\"font-weight: 400;\" aria-level=\"1\"><span style=\"font-weight: 400;\">Sin perjuicio de lo dispuesto en el p\u00e1rrafo anterior, para el caso en el que se haya gozado de los beneficios dispuestos en el primer o en el segundo art\u00edculo incorporado sin n\u00famero a continuaci\u00f3n del art\u00edculo 21 de esta ley, dicha opci\u00f3n no podr\u00e1 ejercerse hasta transcurrido al menos un (1) a\u00f1o calendario desde la finalizaci\u00f3n del \u00faltimo per\u00edodo fiscal en el que hayan gozado de forma completa de alguno de esos beneficios.<\/span><\/li>\n<\/ul>\n<ul style=\"text-align: justify;\">\n<li style=\"font-weight: 400;\" aria-level=\"1\"><span style=\"font-weight: 400;\">Art. 11: Incorp\u00f3rase como nuevo quinto p\u00e1rrafo del art\u00edculo 21 del anexo de la ley 24.977, sus modificaciones y complementarias, <\/span><b>con efectos a partir del 1\u00b0 de enero de 2021, inclusive<\/b><span style=\"font-weight: 400;\">, el siguiente:<\/span><\/li>\n<li style=\"font-weight: 400;\" aria-level=\"1\"><span style=\"font-weight: 400;\">Sin perjuicio de lo dispuesto en el p\u00e1rrafo anterior, para el caso en el que se haya gozado de los beneficios dispuestos en el primer o en el segundo art\u00edculo incorporados sin n\u00famero a continuaci\u00f3n del art\u00edculo 21 de esta ley, dicho reingreso no podr\u00e1 efectuarse hasta transcurrido al menos un (1) a\u00f1o calendario desde la finalizaci\u00f3n del \u00faltimo per\u00edodo fiscal en el que hayan gozado de forma completa de alguno de esos beneficios.<\/span><\/li>\n<\/ul>\n<ul style=\"text-align: justify;\">\n<li style=\"font-weight: 400;\" aria-level=\"1\"><span style=\"font-weight: 400;\">Art. 12: Incorp\u00f3rase como segundo art\u00edculo sin n\u00famero a continuaci\u00f3n del art\u00edculo 21 del anexo de la ley 24.977, sus modificaciones y complementarias, <\/span><b>con efectos a partir del 1\u00b0 de enero de 2021, inclusive<\/b><span style=\"font-weight: 400;\">, el siguiente:<\/span><\/li>\n<li style=\"font-weight: 400;\" aria-level=\"1\"><span style=\"font-weight: 400;\">Art\u00edculo \u2026: Los contribuyentes que hubiesen comunicado su exclusi\u00f3n al R\u00e9gimen Simplificado y solicitado el alta en los tributos del R\u00e9gimen General de los que resultasen responsables hasta el \u00faltimo d\u00eda del mes siguiente al que hubiere tenido lugar la causal de exclusi\u00f3n, en las formas previstas para ello o que hayan renunciado con el fin de incorporarse a este, podr\u00e1n gozar, por \u00fanica vez, del beneficio previsto en el presente art\u00edculo, en la medida que sus ingresos brutos no superen, a la fecha que determine la reglamentaci\u00f3n, el cincuenta por ciento (50%) del l\u00edmite de ventas totales anuales previsto para la categorizaci\u00f3n como micro empresas de acuerdo con la actividad desarrollada en la resoluci\u00f3n 220 del 12 de abril de 2019 de la entonces Secretar\u00eda de Emprendedores y de la Peque\u00f1a y Mediana Empresa del entonces Ministerio de Producci\u00f3n y Trabajo y sus modificatorias, o la que en el futuro la reemplace.<\/span><\/li>\n<li style=\"font-weight: 400;\" aria-level=\"1\"><span style=\"font-weight: 400;\">A los fines de la determinaci\u00f3n del impuesto al valor agregado correspondiente a los hechos imponibles que se perfeccionen a partir del primer per\u00edodo fiscal del a\u00f1o calendario siguiente al que tenga efectos la referida exclusi\u00f3n o renuncia, los contribuyentes comprendidos en el p\u00e1rrafo anterior gozar\u00e1n de una reducci\u00f3n del saldo deudor que pudiera surgir, en cada per\u00edodo fiscal, al detraer del d\u00e9bito fiscal determinado conforme a lo dispuesto en el art\u00edculo 11 de la Ley de Impuesto al Valor Agregado, texto ordenado en 1997 y sus modificaciones, el cr\u00e9dito fiscal que pudiera corresponder, establecido de conformidad con los art\u00edculos 12 y 13 de esa misma ley.<\/span><\/li>\n<li style=\"font-weight: 400;\" aria-level=\"1\"><span style=\"font-weight: 400;\">La mencionada reducci\u00f3n ser\u00e1 del cincuenta por ciento (50%) en el primer a\u00f1o; disminuy\u00e9ndose al treinta por ciento (30%) en el segundo a\u00f1o y al diez por ciento (10%) en el tercero.<\/span><\/li>\n<\/ul>\n<ul style=\"text-align: justify;\">\n<li style=\"font-weight: 400;\" aria-level=\"1\"><span style=\"font-weight: 400;\">Art. 13: Sustit\u00fayese el inciso a) del art\u00edculo 28 del anexo de la ley 24.977, sus modificaciones y complementarias, por el siguiente:<\/span><\/li>\n<\/ul>\n<p style=\"text-align: justify;\"><span style=\"font-weight: 400;\">a) Quienes hubieran renunciado o resultado excluidos o excluidas del R\u00e9gimen Simplificado para Peque\u00f1os Contribuyentes (RS) y adquirieran la calidad de responsables inscriptos, ser\u00e1n pasibles del tratamiento previsto en el art\u00edculo 16, por el impuesto que les hubiera sido facturado como consecuencia de hechos imponibles anteriores a la fecha en que produzca efectos su cambio de condici\u00f3n frente al tributo, con excepci\u00f3n de lo previsto en el primer art\u00edculo sin n\u00famero agregado a continuaci\u00f3n del art\u00edculo 21 del presente anexo.<\/span><\/p>\n<ul style=\"text-align: justify;\">\n<li style=\"font-weight: 400;\" aria-level=\"1\"><span style=\"font-weight: 400;\">Art. 14: Sustit\u00fayese el primer p\u00e1rrafo del art\u00edculo 39 de la Ley de Impuesto al Valor Agregado, texto ordenado en 1997 y sus modificaciones, con efectos a partir de la fecha que se establezca en la reglamentaci\u00f3n que al respecto se dicte, por el siguiente:<\/span><\/li>\n<li style=\"font-weight: 400;\" aria-level=\"1\"><span style=\"font-weight: 400;\">Cuando un responsable inscripto realice ventas, locaciones o prestaciones de servicios gravadas a consumidores finales, no deber\u00e1 discriminar en la factura o documento equivalente el gravamen que recae sobre la operaci\u00f3n. El mismo criterio se aplicar\u00e1 con sujetos cuyas operaciones se encuentran exentas, excepto que revistan la condici\u00f3n de inscriptos en el R\u00e9gimen Simplificado para Peque\u00f1os Contribuyentes establecido por el anexo de la ley 24.977, sus modificaciones y complementarias.<\/span><\/li>\n<\/ul>\n<ul style=\"text-align: justify;\">\n<li style=\"font-weight: 400;\" aria-level=\"1\"><span style=\"font-weight: 400;\">Art. 15: A los fines dispuestos en el art\u00edculo 52 del anexo de la ley 24.977, sus modificaciones y complementarias, para la actualizaci\u00f3n que debe efectuarse en el mes de enero de 2021, se considerar\u00e1, con efectos a partir del 1\u00b0 de enero de 2021, la variaci\u00f3n del haber m\u00ednimo garantizado por el art\u00edculo 125 de la Ley Nacional del Sistema Integrado de Jubilaciones y Pensiones, 24.241, y sus modificaciones y normas complementarias correspondiente al a\u00f1o calendario completo finalizado el 31 de diciembre de 2020.<\/span><\/li>\n<\/ul>\n<ul style=\"text-align: justify;\">\n<li style=\"font-weight: 400;\" aria-level=\"1\"><b>Con posterioridad a la entrada en vigencia de esta ley, la Administraci\u00f3n Federal de Ingresos P\u00fablicos ser\u00e1 la encargada, por \u00fanica vez, de volver a categorizar a los peque\u00f1os contribuyentes adheridos al R\u00e9gimen Simplificado<\/b><span style=\"font-weight: 400;\">, aun cuando esa adhesi\u00f3n hubiese ocurrido a partir del 1\u00b0 de enero de 2021, inclusive, en la categor\u00eda que les corresponda, considerando los valores de los par\u00e1metros de ingresos brutos y alquileres devengados que resulten de la actualizaci\u00f3n que se efect\u00fae en los t\u00e9rminos del p\u00e1rrafo precedente y la informaci\u00f3n oportunamente declarada por los mencionados peque\u00f1os contribuyentes. <\/span><b>Los peque\u00f1os contribuyentes adheridos al R\u00e9gimen Simplificado podr\u00e1n solicitar la modificaci\u00f3n de la referida nueva categor\u00eda<\/b><span style=\"font-weight: 400;\">.<\/span><b> La falta de manifestaci\u00f3n expresa implicar\u00e1 su ratificaci\u00f3n.<\/b><\/li>\n<\/ul>\n<ul style=\"text-align: justify;\">\n<li style=\"font-weight: 400;\" aria-level=\"1\"><span style=\"font-weight: 400;\">El pago fuera de t\u00e9rmino del importe en concepto de impuesto integrado y de las cotizaciones previsionales, correspondiente a las cuotas del R\u00e9gimen Simplificado cuyo vencimiento hubiera operado entre el 1\u00b0 de enero de 2021 y el mes inmediato anterior al de la nueva categorizaci\u00f3n, no dar\u00e1 lugar a intereses resarcitorios.<\/span><\/li>\n<\/ul>\n<ul style=\"text-align: justify;\">\n<li style=\"font-weight: 400;\" aria-level=\"1\"><span style=\"font-weight: 400;\">Art. 16: Fac\u00faltase al Poder Ejecutivo nacional a establecer las modalidades, plazos y restantes condiciones necesarias para implementar lo dispuesto en la presente ley. Asimismo, podr\u00e1 establecer plazos adicionales a los efectos de contemplar las situaciones que pudieran haber acaecido entre el 1\u00b0 de enero de 2021 y la sanci\u00f3n de la ley.<\/span><\/li>\n<\/ul>\n<p>&nbsp;<\/p>\n<p>&nbsp;<\/p>\n<p style=\"text-align: justify;\"><span style=\"font-weight: 400;\">Ciudad Aut\u00f3noma de Buenos Aires, abril de 2021.<\/span><\/p>\n<p><\/p>","protected":false},"excerpt":{"rendered":"<p>Ley N\u00b0 27.618. R\u00e9gimen de sostenimiento e inclusi\u00f3n fiscal para peque\u00f1os contribuyentes. B.O. 21\/04\/2021 Mediante la Ley N\u00b0 27.618, publicada en el d\u00eda de hoy en el Bolet\u00edn Oficial, se establecen un R\u00e9gimen de Sostenimiento e Inclusi\u00f3n Fiscal para los sujetos comprendidos en el R\u00e9gimen&#8230;<\/p>\n","protected":false},"author":1,"featured_media":0,"comment_status":"closed","ping_status":"closed","sticky":false,"template":"","format":"standard","meta":{"footnotes":""},"categories":[62],"tags":[],"class_list":["post-18217","post","type-post","status-publish","format-standard","hentry","category-sintesis-informativas"],"yoast_head":"<!-- This site is optimized with the Yoast SEO plugin v27.4 - https:\/\/yoast.com\/product\/yoast-seo-wordpress\/ -->\n<title>Ley N\u00b0 27.618. R\u00e9gimen de sostenimiento e inclusi\u00f3n fiscal para peq...<\/title>\n<meta name=\"description\" content=\"Se establecen un R\u00e9gimen de Sostenimiento e Inclusi\u00f3n Fiscal para los sujetos comprendidos en el R\u00e9gimen Simplificado ...\" \/>\n<meta name=\"robots\" content=\"index, follow, max-snippet:-1, max-image-preview:large, max-video-preview:-1\" \/>\n<link rel=\"canonical\" href=\"https:\/\/arv-argentina.com\/es\/sintesis-informativa-30-2021\/\" \/>\n<meta property=\"og:locale\" content=\"es_ES\" \/>\n<meta property=\"og:type\" content=\"article\" \/>\n<meta property=\"og:title\" content=\"Ley N\u00b0 27.618. R\u00e9gimen de sostenimiento e inclusi\u00f3n fiscal para peq...\" \/>\n<meta property=\"og:description\" content=\"Se establecen un R\u00e9gimen de Sostenimiento e Inclusi\u00f3n Fiscal para los sujetos comprendidos en el R\u00e9gimen Simplificado ...\" \/>\n<meta property=\"og:url\" content=\"https:\/\/arv-argentina.com\/es\/sintesis-informativa-30-2021\/\" \/>\n<meta property=\"og:site_name\" content=\"ARV Argentina | Alvarez Roperti Venegas Consultores Tributarios &amp; Auditores\" \/>\n<meta property=\"article:published_time\" content=\"2021-04-22T14:11:59+00:00\" \/>\n<meta property=\"article:modified_time\" content=\"2021-04-22T15:56:58+00:00\" \/>\n<meta name=\"author\" content=\"arvonline\" \/>\n<meta name=\"twitter:card\" content=\"summary_large_image\" \/>\n<meta name=\"twitter:label1\" content=\"Escrito por\" \/>\n\t<meta name=\"twitter:data1\" content=\"arvonline\" \/>\n\t<meta name=\"twitter:label2\" content=\"Tiempo de lectura\" \/>\n\t<meta name=\"twitter:data2\" content=\"21 minutos\" \/>\n<script type=\"application\/ld+json\" class=\"yoast-schema-graph\">{\"@context\":\"https:\\\/\\\/schema.org\",\"@graph\":[{\"@type\":\"Article\",\"@id\":\"https:\\\/\\\/arv-argentina.com\\\/sintesis-informativa-30-2021\\\/#article\",\"isPartOf\":{\"@id\":\"https:\\\/\\\/arv-argentina.com\\\/sintesis-informativa-30-2021\\\/\"},\"author\":{\"name\":\"arvonline\",\"@id\":\"https:\\\/\\\/arv-argentina.com\\\/#\\\/schema\\\/person\\\/b815cf94bd4970ab5da59116912fd46a\"},\"headline\":\"SINTESIS INFORMATIVA N\u00b0 30\\\/2021\",\"datePublished\":\"2021-04-22T14:11:59+00:00\",\"dateModified\":\"2021-04-22T15:56:58+00:00\",\"mainEntityOfPage\":{\"@id\":\"https:\\\/\\\/arv-argentina.com\\\/sintesis-informativa-30-2021\\\/\"},\"wordCount\":4228,\"publisher\":{\"@id\":\"https:\\\/\\\/arv-argentina.com\\\/#organization\"},\"articleSection\":[\"S\u00edntesis Informativas\"],\"inLanguage\":\"es\"},{\"@type\":\"WebPage\",\"@id\":\"https:\\\/\\\/arv-argentina.com\\\/es\\\/sintesis-informativa-30-2021\\\/\",\"url\":\"https:\\\/\\\/arv-argentina.com\\\/es\\\/sintesis-informativa-30-2021\\\/\",\"name\":\"Ley N\u00b0 27.618. R\u00e9gimen de sostenimiento e inclusi\u00f3n fiscal para peq...\",\"isPartOf\":{\"@id\":\"https:\\\/\\\/arv-argentina.com\\\/es\\\/#website\"},\"datePublished\":\"2021-04-22T14:11:59+00:00\",\"dateModified\":\"2021-04-22T15:56:58+00:00\",\"description\":\"Se establecen un R\u00e9gimen de Sostenimiento e Inclusi\u00f3n Fiscal para los sujetos comprendidos en el R\u00e9gimen Simplificado ...\",\"breadcrumb\":{\"@id\":\"https:\\\/\\\/arv-argentina.com\\\/es\\\/sintesis-informativa-30-2021\\\/#breadcrumb\"},\"inLanguage\":\"es\",\"potentialAction\":[{\"@type\":\"ReadAction\",\"target\":[[\"https:\\\/\\\/arv-argentina.com\\\/es\\\/sintesis-informativa-30-2021\\\/\"]]}]},{\"@type\":\"BreadcrumbList\",\"@id\":\"https:\\\/\\\/arv-argentina.com\\\/es\\\/sintesis-informativa-30-2021\\\/#breadcrumb\",\"itemListElement\":[{\"@type\":\"ListItem\",\"position\":1,\"name\":\"Portada\",\"item\":\"https:\\\/\\\/arv-argentina.com\\\/es\\\/\"},{\"@type\":\"ListItem\",\"position\":2,\"name\":\"SINTESIS INFORMATIVA N\u00b0 30\\\/2021\"}]},{\"@type\":\"WebSite\",\"@id\":\"https:\\\/\\\/arv-argentina.com\\\/es\\\/#website\",\"url\":\"https:\\\/\\\/arv-argentina.com\\\/es\\\/\",\"name\":\"ARV Argentina | Alvarez Roperti Venegas Consultores Tributarios &amp; Auditores\",\"description\":\"Especialistas en Consultor\u00eda Tributaria y Auditor\u00edaEspecialistas en consultor\u00eda Tributaria y Auditor\u00eda\",\"publisher\":{\"@id\":\"https:\\\/\\\/arv-argentina.com\\\/es\\\/#organization\"},\"potentialAction\":[{\"@type\":\"SearchAction\",\"target\":{\"@type\":\"EntryPoint\",\"urlTemplate\":\"https:\\\/\\\/arv-argentina.com\\\/es\\\/?s={search_term_string}\"},\"query-input\":{\"@type\":\"PropertyValueSpecification\",\"valueRequired\":true,\"valueName\":\"search_term_string\"}}],\"inLanguage\":\"es\"},{\"@type\":\"Organization\",\"@id\":\"https:\\\/\\\/arv-argentina.com\\\/es\\\/#organization\",\"name\":\"ARV Argentina\",\"url\":\"https:\\\/\\\/arv-argentina.com\\\/es\\\/\",\"logo\":{\"@type\":\"ImageObject\",\"inLanguage\":\"es\",\"@id\":\"https:\\\/\\\/arv-argentina.com\\\/es\\\/#\\\/schema\\\/logo\\\/image\\\/\",\"url\":\"http:\\\/\\\/arv-argentina.com\\\/wp-content\\\/uploads\\\/2016\\\/10\\\/arv-logo-head1.png\",\"contentUrl\":\"http:\\\/\\\/arv-argentina.com\\\/wp-content\\\/uploads\\\/2016\\\/10\\\/arv-logo-head1.png\",\"width\":133,\"height\":54,\"caption\":\"ARV Argentina\"},\"image\":{\"@id\":\"https:\\\/\\\/arv-argentina.com\\\/es\\\/#\\\/schema\\\/logo\\\/image\\\/\"}},{\"@type\":\"Person\",\"@id\":\"https:\\\/\\\/arv-argentina.com\\\/#\\\/schema\\\/person\\\/b815cf94bd4970ab5da59116912fd46a\",\"name\":\"arvonline\"}]}<\/script>\n<!-- \/ Yoast SEO plugin. -->","yoast_head_json":{"title":"Ley N\u00b0 27.618. R\u00e9gimen de sostenimiento e inclusi\u00f3n fiscal para peq...","description":"Se establecen un R\u00e9gimen de Sostenimiento e Inclusi\u00f3n Fiscal para los sujetos comprendidos en el R\u00e9gimen Simplificado ...","robots":{"index":"index","follow":"follow","max-snippet":"max-snippet:-1","max-image-preview":"max-image-preview:large","max-video-preview":"max-video-preview:-1"},"canonical":"https:\/\/arv-argentina.com\/es\/sintesis-informativa-30-2021\/","og_locale":"es_ES","og_type":"article","og_title":"Ley N\u00b0 27.618. R\u00e9gimen de sostenimiento e inclusi\u00f3n fiscal para peq...","og_description":"Se establecen un R\u00e9gimen de Sostenimiento e Inclusi\u00f3n Fiscal para los sujetos comprendidos en el R\u00e9gimen Simplificado ...","og_url":"https:\/\/arv-argentina.com\/es\/sintesis-informativa-30-2021\/","og_site_name":"ARV Argentina | Alvarez Roperti Venegas Consultores Tributarios &amp; Auditores","article_published_time":"2021-04-22T14:11:59+00:00","article_modified_time":"2021-04-22T15:56:58+00:00","author":"arvonline","twitter_card":"summary_large_image","twitter_misc":{"Escrito por":"arvonline","Tiempo de lectura":"21 minutos"},"schema":{"@context":"https:\/\/schema.org","@graph":[{"@type":"Article","@id":"https:\/\/arv-argentina.com\/sintesis-informativa-30-2021\/#article","isPartOf":{"@id":"https:\/\/arv-argentina.com\/sintesis-informativa-30-2021\/"},"author":{"name":"arvonline","@id":"https:\/\/arv-argentina.com\/#\/schema\/person\/b815cf94bd4970ab5da59116912fd46a"},"headline":"SINTESIS INFORMATIVA N\u00b0 30\/2021","datePublished":"2021-04-22T14:11:59+00:00","dateModified":"2021-04-22T15:56:58+00:00","mainEntityOfPage":{"@id":"https:\/\/arv-argentina.com\/sintesis-informativa-30-2021\/"},"wordCount":4228,"publisher":{"@id":"https:\/\/arv-argentina.com\/#organization"},"articleSection":["S\u00edntesis Informativas"],"inLanguage":"es"},{"@type":"WebPage","@id":"https:\/\/arv-argentina.com\/es\/sintesis-informativa-30-2021\/","url":"https:\/\/arv-argentina.com\/es\/sintesis-informativa-30-2021\/","name":"Ley N\u00b0 27.618. R\u00e9gimen de sostenimiento e inclusi\u00f3n fiscal para peq...","isPartOf":{"@id":"https:\/\/arv-argentina.com\/es\/#website"},"datePublished":"2021-04-22T14:11:59+00:00","dateModified":"2021-04-22T15:56:58+00:00","description":"Se establecen un R\u00e9gimen de Sostenimiento e Inclusi\u00f3n Fiscal para los sujetos comprendidos en el R\u00e9gimen Simplificado ...","breadcrumb":{"@id":"https:\/\/arv-argentina.com\/es\/sintesis-informativa-30-2021\/#breadcrumb"},"inLanguage":"es","potentialAction":[{"@type":"ReadAction","target":[["https:\/\/arv-argentina.com\/es\/sintesis-informativa-30-2021\/"]]}]},{"@type":"BreadcrumbList","@id":"https:\/\/arv-argentina.com\/es\/sintesis-informativa-30-2021\/#breadcrumb","itemListElement":[{"@type":"ListItem","position":1,"name":"Portada","item":"https:\/\/arv-argentina.com\/es\/"},{"@type":"ListItem","position":2,"name":"SINTESIS INFORMATIVA N\u00b0 30\/2021"}]},{"@type":"WebSite","@id":"https:\/\/arv-argentina.com\/es\/#website","url":"https:\/\/arv-argentina.com\/es\/","name":"ARV Argentina | Alvarez Roperti Venegas Consultores Tributarios &amp; Auditores","description":"Especialistas en Consultor\u00eda Tributaria y Auditor\u00edaEspecialistas en consultor\u00eda Tributaria y Auditor\u00eda","publisher":{"@id":"https:\/\/arv-argentina.com\/es\/#organization"},"potentialAction":[{"@type":"SearchAction","target":{"@type":"EntryPoint","urlTemplate":"https:\/\/arv-argentina.com\/es\/?s={search_term_string}"},"query-input":{"@type":"PropertyValueSpecification","valueRequired":true,"valueName":"search_term_string"}}],"inLanguage":"es"},{"@type":"Organization","@id":"https:\/\/arv-argentina.com\/es\/#organization","name":"ARV Argentina","url":"https:\/\/arv-argentina.com\/es\/","logo":{"@type":"ImageObject","inLanguage":"es","@id":"https:\/\/arv-argentina.com\/es\/#\/schema\/logo\/image\/","url":"http:\/\/arv-argentina.com\/wp-content\/uploads\/2016\/10\/arv-logo-head1.png","contentUrl":"http:\/\/arv-argentina.com\/wp-content\/uploads\/2016\/10\/arv-logo-head1.png","width":133,"height":54,"caption":"ARV Argentina"},"image":{"@id":"https:\/\/arv-argentina.com\/es\/#\/schema\/logo\/image\/"}},{"@type":"Person","@id":"https:\/\/arv-argentina.com\/#\/schema\/person\/b815cf94bd4970ab5da59116912fd46a","name":"arvonline"}]}},"_links":{"self":[{"href":"https:\/\/arv-argentina.com\/es\/wp-json\/wp\/v2\/posts\/18217","targetHints":{"allow":["GET"]}}],"collection":[{"href":"https:\/\/arv-argentina.com\/es\/wp-json\/wp\/v2\/posts"}],"about":[{"href":"https:\/\/arv-argentina.com\/es\/wp-json\/wp\/v2\/types\/post"}],"author":[{"embeddable":true,"href":"https:\/\/arv-argentina.com\/es\/wp-json\/wp\/v2\/users\/1"}],"replies":[{"embeddable":true,"href":"https:\/\/arv-argentina.com\/es\/wp-json\/wp\/v2\/comments?post=18217"}],"version-history":[{"count":7,"href":"https:\/\/arv-argentina.com\/es\/wp-json\/wp\/v2\/posts\/18217\/revisions"}],"predecessor-version":[{"id":18228,"href":"https:\/\/arv-argentina.com\/es\/wp-json\/wp\/v2\/posts\/18217\/revisions\/18228"}],"wp:attachment":[{"href":"https:\/\/arv-argentina.com\/es\/wp-json\/wp\/v2\/media?parent=18217"}],"wp:term":[{"taxonomy":"category","embeddable":true,"href":"https:\/\/arv-argentina.com\/es\/wp-json\/wp\/v2\/categories?post=18217"},{"taxonomy":"post_tag","embeddable":true,"href":"https:\/\/arv-argentina.com\/es\/wp-json\/wp\/v2\/tags?post=18217"}],"curies":[{"name":"wp","href":"https:\/\/api.w.org\/{rel}","templated":true}]}}