{"id":18511,"date":"2021-10-28T16:13:26","date_gmt":"2021-10-28T19:13:26","guid":{"rendered":"https:\/\/arv-argentina.com\/?p=18511"},"modified":"2021-10-29T17:13:55","modified_gmt":"2021-10-29T20:13:55","slug":"sintesis-informativa-92-2021","status":"publish","type":"post","link":"https:\/\/arv-argentina.com\/es\/sintesis-informativa-92-2021\/","title":{"rendered":"SINTESIS INFORMATIVA N\u00b0 92\/2021"},"content":{"rendered":"<p><\/p>\n<h4 style=\"text-align: justify;\"><b>Ley de: <\/b><b>Alivio fiscal para fortalecer la salida econ\u00f3mica y social a <\/b><b>la pandemia generada por el covid-19.<\/b><\/h4>\n<p>&nbsp;<\/p>\n<p style=\"text-align: justify;\"><span style=\"font-weight: 400;\">Con fecha 28\/10\/2021 el Senado de la Naci\u00f3n ha sancionado la <\/span><span style=\"font-weight: 400;\">\u201cLEY DE ALIVIO FISCAL PARA FORTALECER LA SALIDA ECON\u00d3MICA Y SOCIAL A LA PANDEMIA GENERADA POR EL COVID-19\u201d, ( no publicada a la fecha en el Bolet\u00edn Oficial ) con las siguientes caracter\u00edsticas -el Proyecto de Ley fue informado oportunamente mediante nuestra <a href=\"https:\/\/arv-argentina.com\/sintesis-informativa-82-2021\" target=\"_blank\" rel=\"noopener\">S\u00edntesis Informativa N\u00b0 82\/2021<\/a>-:<\/span><\/p>\n<p>&nbsp;<\/p>\n<ol style=\"text-align: justify;\">\n<li><b><\/b> <b>CONDONACI\u00d3N DE DEUDAS PARA ENTIDADES SIN FINES DE LUCRO:<\/b><\/li>\n<\/ol>\n<p style=\"text-align: justify;\"><span style=\"font-weight: 400;\">Se dispone la condonaci\u00f3n de las deudas tributarias, aduaneras y de la seguridad social vencidas al 31 de agosto de 2021 de determinadas entidades exentas por el impuesto a las ganancias y dem\u00e1s fundaciones, asociaciones, etc. sin fines de lucro, etc.<\/span><\/p>\n<ol style=\"text-align: justify;\" start=\"2\">\n<li><b><\/b> <b>CONDONACI\u00d3N DE DEUDAS PARA MICRO Y PEQUE\u00d1AS EMPRESAS Y CONTRIBUYENTES CONSIDERADOS PEQUE\u00d1OS CONTRIBUYENTES, INCLUIDOS MONOTRIBUTISTAS CON DEUDAS INFERIORES A CIEN MIL PESOS ($ 100.000.-):<\/b><\/li>\n<\/ol>\n<p style=\"text-align: justify;\"><span style=\"font-weight: 400;\">Se dispone la condonaci\u00f3n de las deudas tributarias, aduaneras y de la seguridad social l\u00edquidas y exigibles al 31 de agosto de 2021, en la medida que resulten inferiores a pesos CIEN MIL ($ 100.000 .-) consideradas en su totalidad.<\/span><\/p>\n<p style=\"text-align: justify;\"><span style=\"font-weight: 400;\">Las condonaciones se\u00f1aladas alcanzan al capital adeudado, intereses resarcitorios y\/o punitorios y\/o multas y dem\u00e1s sanciones que pudieren corresponder, y no comprende:<\/span><\/p>\n<p style=\"padding-left: 40px; text-align: justify;\"><span style=\"font-weight: 400;\">a) Aportes y contribuciones al R\u00e9gimen Nacional de Obras Sociales.<\/span><\/p>\n<p style=\"padding-left: 40px; text-align: justify;\"><span style=\"font-weight: 400;\">b) Las cuotas destinadas a las Aseguradoras de Riesgos de Trabajo.<\/span><\/p>\n<p style=\"padding-left: 40px; text-align: justify;\"><span style=\"font-weight: 400;\">c) La retenciones y percepciones impositivas por cualquier concepto, practicadas y no depositadas.<\/span><\/p>\n<ol style=\"text-align: justify;\" start=\"3\">\n<li><b> AMPLIACI\u00d3N DE LA MORATORIA LEY 27.541:<\/b><\/li>\n<\/ol>\n<p style=\"text-align: justify;\"><span style=\"font-weight: 400;\">Se reabre la moratoria Ley 27.541 modificada por Ley 27.562 denominada de \u201cSolidaridad Social y Reactivaci\u00f3n Productiva en el Marco de la Emergencia P\u00fablica\u201d, por obligaciones vencidas al 31 de agosto de 2021. (en nuestra S\u00edntesis Informativa N\u00b0 59\/2020 se rese\u00f1an los aspectos m\u00e1s importantes de dicho r\u00e9gimen).<\/span><\/p>\n<p style=\"text-align: justify;\"><span style=\"font-weight: 400;\">\u00a0<\/span><\/p>\n<p style=\"text-align: justify;\"><span style=\"font-weight: 400;\">Las caracter\u00edsticas m\u00e1s importantes del r\u00e9gimen son:<\/span><\/p>\n<p style=\"text-align: justify;\"><b>-Se excluye del r\u00e9gimen a las deudas por Aporte Solidario.<\/b><\/p>\n<p style=\"text-align: justify;\"><b>-Se condonan intereses resarcitorios, punitorios, etc, en el porcentaje que exceda:<\/b><\/p>\n<ol style=\"text-align: justify;\">\n<li><span style=\"font-weight: 400;\"> I) Micro y peque\u00f1as empresas; II) Entidades sin fines de lucro y organizaciones <\/span>comunitarias inscritas como fundaciones, asociaciones civiles, simples asociaciones y\u00a0entidades con reconocimiento municipal y que, con domicilio propio y de sus directivos fijado en territorio nacional, no persigan fines de lucro en forma directa o indirecta y desarrollen programas de promoci\u00f3n y protecci\u00f3n de derechos o actividades de ayuda social directa; y iii) Personas humanas y sucesiones indivisas que sean consideradas peque\u00f1os contribuyentes en los t\u00e9rminos que determine la Administraci\u00f3n Federal de Ingresos P\u00fablicos<b>: diez por ciento (10 %) <\/b>del capital adeudado.<\/li>\n<\/ol>\n<ol style=\"text-align: justify;\" start=\"2\">\n<li><span style=\"font-weight: 400;\"> Medianas empresas, tramos 1 y 2: <\/span><b>treinta y cinco (35 %)<\/b><span style=\"font-weight: 400;\"> del capital adeudado.<\/span><\/li>\n<\/ol>\n<ol style=\"text-align: justify;\" start=\"3\">\n<li><span style=\"font-weight: 400;\"> Para las y los dem\u00e1s contribuyentes: <\/span><b>setenta y cinco por ciento (75 %)<\/b><span style=\"font-weight: 400;\"> del capital <\/span>adeudado;<\/li>\n<\/ol>\n<p style=\"text-align: justify;\"><b>-Se extingue la acci\u00f3n penal, se condonan multas y dem\u00e1s sanciones<\/b><\/p>\n<p style=\"text-align: justify;\"><b>-Se dispone un plan de pagos:\u00a0<\/b><\/p>\n<p style=\"text-align: justify;\"><b>1.1 I) Micro y peque\u00f1as empresas<\/b><span style=\"font-weight: 400;\">; II) Entidades sin fines de lucro y organizaciones comunitarias inscriptas como fundaciones, asociaciones civiles, simples asociaciones y entidades con reconocimiento municipal que, con domicilio propio y de sus directivos fijado en territorio nacional, no persigan fines de lucro en forma directa o indirecta y desarrollen programas de promoci\u00f3n y protecci\u00f3n de derechos o actividades de ayuda social directa; y iii) Personas humanas y\u00a0<\/span><span style=\"font-weight: 400;\">sucesiones indivisas que sean consideradas peque\u00f1os contribuyentes en los t\u00e9rminos que determine la Administraci\u00f3n Federal de Ingresos P\u00fablicos<\/span><b>: <\/b><span style=\"font-weight: 400;\">hasta ciento veinte (120) cuotas. : tasa de inter\u00e9s fija, del hasta uno y medio por ciento (1,5 %) mensual, durante las doce (12) primeras cuotas resultando luego de aplicaci\u00f3n la tasa BADLAR en moneda nacional de bancos privados.<\/span><\/p>\n<p style=\"text-align: justify;\"><b>1.2. Medianas empresas, tramos 1 y 2: <\/b><span style=\"font-weight: 400;\">hasta sesenta (60) cuotas. Tasa de inter\u00e9s<\/span> <span style=\"font-weight: 400;\">fija, del hasta el dos por ciento (2 %) mensual, durante las seis (6) primeras cuotas resultando luego de aplicaci\u00f3n la tasa BADLAR en moneda nacional de bancos privados.<\/span><\/p>\n<p style=\"text-align: justify;\"><b>1.3. Para las y los dem\u00e1s contribuyentes:<\/b><span style=\"font-weight: 400;\"> hasta treinta y seis (36) cuotas. Tasa de inter\u00e9s fija, del hasta tres por ciento (3 %) mensual, durante las seis (6) <\/span><span style=\"font-weight: 400;\">primeras cuotas resultando luego de aplicaci\u00f3n la tasa BADLAR en moneda nacional de bancos privados.<\/span><\/p>\n<ol style=\"text-align: justify;\" start=\"4\">\n<li><b> AMPLIACI\u00d3N DE LA MORATORIA PARA DEUDAS ORIGINADAS EN PROCESOS DE FISCALIZACI\u00d3N:<\/b><\/li>\n<\/ol>\n<p style=\"text-align: justify;\"><span style=\"font-weight: 400;\">En estos casos, el acogimiento al presente r\u00e9gimen tendr\u00e1 como efecto el allanamiento incondicional por las obligaciones regularizadas o, en su caso, el desistimiento de acciones, reclamos o recursos en tr\u00e1mite, asumiendo el responsable el pago de las costas y gastos caus\u00eddicos. Asimismo, el acogimiento al r\u00e9gimen importar\u00e1 el desistimiento de todo derecho, acci\u00f3n o reclamo, incluso el de repetici\u00f3n, respecto de las obligaciones regularizadas<\/span><\/p>\n<p style=\"text-align: justify;\"><span style=\"font-weight: 400;\">Se prev\u00e9n condiciones diferenciales en cuanto a cuotas y plazos del plan de pagos.<\/span><\/p>\n<ol style=\"text-align: justify;\" start=\"5\">\n<li><b> BENEFICIOS PARA CUMPLIDORES:<\/b><\/li>\n<\/ol>\n<ol style=\"text-align: justify;\">\n<li><span style=\"font-weight: 400;\">Sujetos adheridos al R\u00e9gimen Simplificado de Peque\u00f1os Contribuyentes. El beneficio consistir\u00e1 en la exenci\u00f3n del componente impositivo conforme la cantidad de cuotas que se detallan para cada categor\u00eda:<\/span><\/li>\n<\/ol>\n<p style=\"padding-left: 40px; text-align: justify;\"><span style=\"font-weight: 400;\">a) Categor\u00edas A y B: seis (6) cuotas mensuales y consecutivas;<\/span><\/p>\n<p style=\"padding-left: 40px; text-align: justify;\"><span style=\"font-weight: 400;\">b) Categor\u00edas C y D: cinco (5) cuotas mensuales y consecutivas;<\/span><\/p>\n<p style=\"padding-left: 40px; text-align: justify;\"><span style=\"font-weight: 400;\">c) Categor\u00edas E y F: cuatro (4) cuotas mensuales y consecutivas;<\/span><\/p>\n<p style=\"padding-left: 40px; text-align: justify;\"><span style=\"font-weight: 400;\">d) Categor\u00edas G y H: tres (3) cuotas mensuales y consecutivas;<\/span><\/p>\n<p style=\"padding-left: 40px; text-align: justify;\"><span style=\"font-weight: 400;\">e) Categor\u00edas I, J y K: dos (2) cuotas mensuales y consecutivas;<\/span><\/p>\n<p style=\"text-align: justify;\"><span style=\"font-weight: 400;\">En ning\u00fan caso el l\u00edmite del beneficio podr\u00e1 superar un importe total equivalente a pesos veinticinco mil ($ 25.000).<\/span><\/p>\n<ol style=\"text-align: justify;\" start=\"2\">\n<li><span style=\"font-weight: 400;\"> Sujetos inscritos en el impuesto a las ganancias. El beneficio consistir\u00e1 en una deducci\u00f3n especial conforme los siguientes t\u00e9rminos:<\/span><\/li>\n<\/ol>\n<p style=\"padding-left: 40px; text-align: justify;\"><span style=\"font-weight: 400;\">a) Para personas humanas y sucesiones indivisas: tendr\u00e1n derecho a deducir, por un per\u00edodo fiscal, de sus ganancias netas un importe adicional equivalente al cincuenta por ciento (50 %) del M\u00ednimo no Imponible de la Ley de Impuesto a las Ganancias. El beneficio establecido en el presente inciso no resultar\u00e1 de aplicaci\u00f3n para quienes perciban rentas en relaci\u00f3n de dependencia y jubilaciones.<\/span><\/p>\n<p style=\"padding-left: 40px; text-align: justify;\"><span style=\"font-weight: 400;\">b) Para los sujetos \u201cempresa\u201d que revistan la condici\u00f3n de micro y peque\u00f1as empresas. Podr\u00e1n optar por practicar las respectivas amortizaciones a partir del per\u00edodo fiscal de habilitaci\u00f3n del bien, de acuerdo con las normas generales de la Ley de Impuesto a las Ganancias, o conforme al r\u00e9gimen que se establece a continuaci\u00f3n:<\/span><\/p>\n<p style=\"padding-left: 40px; text-align: justify;\"><span style=\"font-weight: 400;\">I) Para inversiones realizadas en bienes muebles amortizables adquiridos, elaborados o fabricados: como m\u00ednimo en dos (2) cuotas anuales, iguales y consecutivas.<\/span><\/p>\n<p style=\"padding-left: 40px; text-align: justify;\"><span style=\"font-weight: 400;\">II) Para inversiones realizadas en bienes muebles amortizables importados: como m\u00ednimo en tres (3) cuotas anuales, iguales y consecutivas.<\/span><\/p>\n<p style=\"padding-left: 40px; text-align: justify;\"><span style=\"font-weight: 400;\">III) Para inversiones en obras de infraestructura: como m\u00ednimo en la cantidad de cuotas anuales, iguales y consecutivas que surjan de considerar su vida \u00fatil reducida al cincuenta por ciento (50 %) de la estimada.<\/span><\/p>\n<p style=\"text-align: justify;\"><span style=\"font-weight: 400;\">Este beneficio de amortizaci\u00f3n ser\u00e1 aplicable \u00fanicamente para las inversiones efectivizadas hasta el 31 de diciembre de 2022 y, una vez hecha la opci\u00f3n por uno de los procedimientos de amortizaci\u00f3n se\u00f1alados precedentemente, el mismo deber\u00e1 ser comunicado a la autoridad de aplicaci\u00f3n, en la forma, plazo y condiciones que las mismas establezcan y deber\u00e1 aplicarse \u2013sin excepci\u00f3n\u2013 a todas las inversiones de capital que se realicen para la ejecuci\u00f3n de la nueva inversi\u00f3n directa, incluidas aquellas que se requieran durante su funcionamiento, pudiendo optar nuevamente en caso de que se modifique el r\u00e9gimen impositivo aplicable.<\/span><\/p>\n<p>&nbsp;<\/p>\n<p style=\"text-align: justify;\"><span style=\"font-weight: 400;\">Ambos beneficios se aplicar\u00e1n en las declaraciones juradas correspondientes a los ejercicios finalizados con posterioridad al 30 de diciembre de 2021. En ning\u00fan caso, la deducci\u00f3n prevista dar\u00e1 lugar a la generaci\u00f3n de saldos a favor ni podr\u00e1 trasladarse a ejercicios futuros.<\/span><\/p>\n<p style=\"text-align: justify;\"><span style=\"font-weight: 400;\">Los referidos beneficios fiscales no resultan acumulativos, debi\u00e9ndose, cuando corresponda, optarse por alguno.<\/span><\/p>\n<p>&nbsp;<\/p>\n<p style=\"text-align: justify;\"><span style=\"font-weight: 400;\">Se entender\u00e1 que un contribuyente reviste la condici\u00f3n de cumplidor cuando al momento de entrada en vigencia de la presente norma no registre incumplimientos en la presentaci\u00f3n de declaraciones Juradas, como tampoco, en el caso de corresponder, en el pago de las obligaciones tributarias desde los per\u00edodos fiscales iniciados a partir del 1\u00b0 de enero del a\u00f1o 2018.<\/span><\/p>\n<p>&nbsp;<\/p>\n<p>&nbsp;<\/p>\n<p style=\"text-align: justify;\"><span style=\"font-weight: 400;\">Ciudad Aut\u00f3noma de Buenos Aires, Octubre de 2021.<\/span><\/p>\n<p><\/p>","protected":false},"excerpt":{"rendered":"<p>Ley de: Alivio fiscal para fortalecer la salida econ\u00f3mica y social a la pandemia generada por el covid-19. &nbsp; Con fecha 28\/10\/2021 el Senado de la Naci\u00f3n ha sancionado la \u201cLEY DE ALIVIO FISCAL PARA FORTALECER LA SALIDA ECON\u00d3MICA Y SOCIAL A LA PANDEMIA GENERADA&#8230;<\/p>\n","protected":false},"author":1,"featured_media":0,"comment_status":"closed","ping_status":"closed","sticky":false,"template":"","format":"standard","meta":{"footnotes":""},"categories":[62],"tags":[],"class_list":["post-18511","post","type-post","status-publish","format-standard","hentry","category-sintesis-informativas"],"yoast_head":"<!-- This site is optimized with the Yoast SEO plugin v27.4 - https:\/\/yoast.com\/product\/yoast-seo-wordpress\/ -->\n<title>Ley de: Alivio fiscal para fortalecer la salida econ\u00f3mica y social a la pandemia<\/title>\n<meta name=\"description\" content=\"Ley de: Alivio fiscal para fortalecer la salida econ\u00f3mica y social a la pandemia generada por el covid-19.\" \/>\n<meta name=\"robots\" content=\"index, follow, max-snippet:-1, max-image-preview:large, max-video-preview:-1\" \/>\n<link rel=\"canonical\" href=\"https:\/\/arv-argentina.com\/es\/sintesis-informativa-92-2021\/\" \/>\n<meta property=\"og:locale\" content=\"es_ES\" \/>\n<meta property=\"og:type\" content=\"article\" \/>\n<meta property=\"og:title\" content=\"Ley de: Alivio fiscal para fortalecer la salida econ\u00f3mica y social a la pandemia\" \/>\n<meta property=\"og:description\" content=\"Ley de: Alivio fiscal para fortalecer la salida econ\u00f3mica y social a la pandemia generada por el covid-19.\" \/>\n<meta property=\"og:url\" content=\"https:\/\/arv-argentina.com\/es\/sintesis-informativa-92-2021\/\" \/>\n<meta property=\"og:site_name\" content=\"ARV Argentina | Alvarez Roperti Venegas Consultores Tributarios &amp; Auditores\" \/>\n<meta property=\"article:published_time\" content=\"2021-10-28T19:13:26+00:00\" \/>\n<meta property=\"article:modified_time\" content=\"2021-10-29T20:13:55+00:00\" \/>\n<meta name=\"author\" content=\"arvonline\" \/>\n<meta name=\"twitter:card\" content=\"summary_large_image\" \/>\n<meta name=\"twitter:label1\" content=\"Escrito por\" \/>\n\t<meta name=\"twitter:data1\" content=\"arvonline\" \/>\n\t<meta name=\"twitter:label2\" content=\"Tiempo de lectura\" \/>\n\t<meta name=\"twitter:data2\" content=\"6 minutos\" \/>\n<script type=\"application\/ld+json\" class=\"yoast-schema-graph\">{\"@context\":\"https:\\\/\\\/schema.org\",\"@graph\":[{\"@type\":\"Article\",\"@id\":\"https:\\\/\\\/arv-argentina.com\\\/sintesis-informativa-92-2021\\\/#article\",\"isPartOf\":{\"@id\":\"https:\\\/\\\/arv-argentina.com\\\/sintesis-informativa-92-2021\\\/\"},\"author\":{\"name\":\"arvonline\",\"@id\":\"https:\\\/\\\/arv-argentina.com\\\/#\\\/schema\\\/person\\\/b815cf94bd4970ab5da59116912fd46a\"},\"headline\":\"SINTESIS INFORMATIVA N\u00b0 92\\\/2021\",\"datePublished\":\"2021-10-28T19:13:26+00:00\",\"dateModified\":\"2021-10-29T20:13:55+00:00\",\"mainEntityOfPage\":{\"@id\":\"https:\\\/\\\/arv-argentina.com\\\/sintesis-informativa-92-2021\\\/\"},\"wordCount\":1364,\"publisher\":{\"@id\":\"https:\\\/\\\/arv-argentina.com\\\/#organization\"},\"articleSection\":[\"S\u00edntesis Informativas\"],\"inLanguage\":\"es\"},{\"@type\":\"WebPage\",\"@id\":\"https:\\\/\\\/arv-argentina.com\\\/es\\\/sintesis-informativa-92-2021\\\/\",\"url\":\"https:\\\/\\\/arv-argentina.com\\\/es\\\/sintesis-informativa-92-2021\\\/\",\"name\":\"Ley de: Alivio fiscal para fortalecer la salida econ\u00f3mica y social a la pandemia\",\"isPartOf\":{\"@id\":\"https:\\\/\\\/arv-argentina.com\\\/es\\\/#website\"},\"datePublished\":\"2021-10-28T19:13:26+00:00\",\"dateModified\":\"2021-10-29T20:13:55+00:00\",\"description\":\"Ley de: Alivio fiscal para fortalecer la salida econ\u00f3mica y social a la pandemia generada por el covid-19.\",\"breadcrumb\":{\"@id\":\"https:\\\/\\\/arv-argentina.com\\\/es\\\/sintesis-informativa-92-2021\\\/#breadcrumb\"},\"inLanguage\":\"es\",\"potentialAction\":[{\"@type\":\"ReadAction\",\"target\":[[\"https:\\\/\\\/arv-argentina.com\\\/es\\\/sintesis-informativa-92-2021\\\/\"]]}]},{\"@type\":\"BreadcrumbList\",\"@id\":\"https:\\\/\\\/arv-argentina.com\\\/es\\\/sintesis-informativa-92-2021\\\/#breadcrumb\",\"itemListElement\":[{\"@type\":\"ListItem\",\"position\":1,\"name\":\"Portada\",\"item\":\"https:\\\/\\\/arv-argentina.com\\\/es\\\/\"},{\"@type\":\"ListItem\",\"position\":2,\"name\":\"SINTESIS INFORMATIVA N\u00b0 92\\\/2021\"}]},{\"@type\":\"WebSite\",\"@id\":\"https:\\\/\\\/arv-argentina.com\\\/es\\\/#website\",\"url\":\"https:\\\/\\\/arv-argentina.com\\\/es\\\/\",\"name\":\"ARV Argentina | Alvarez Roperti Venegas Consultores Tributarios &amp; Auditores\",\"description\":\"Especialistas en Consultor\u00eda Tributaria y Auditor\u00edaEspecialistas en consultor\u00eda Tributaria y Auditor\u00eda\",\"publisher\":{\"@id\":\"https:\\\/\\\/arv-argentina.com\\\/es\\\/#organization\"},\"potentialAction\":[{\"@type\":\"SearchAction\",\"target\":{\"@type\":\"EntryPoint\",\"urlTemplate\":\"https:\\\/\\\/arv-argentina.com\\\/es\\\/?s={search_term_string}\"},\"query-input\":{\"@type\":\"PropertyValueSpecification\",\"valueRequired\":true,\"valueName\":\"search_term_string\"}}],\"inLanguage\":\"es\"},{\"@type\":\"Organization\",\"@id\":\"https:\\\/\\\/arv-argentina.com\\\/es\\\/#organization\",\"name\":\"ARV Argentina\",\"url\":\"https:\\\/\\\/arv-argentina.com\\\/es\\\/\",\"logo\":{\"@type\":\"ImageObject\",\"inLanguage\":\"es\",\"@id\":\"https:\\\/\\\/arv-argentina.com\\\/es\\\/#\\\/schema\\\/logo\\\/image\\\/\",\"url\":\"http:\\\/\\\/arv-argentina.com\\\/wp-content\\\/uploads\\\/2016\\\/10\\\/arv-logo-head1.png\",\"contentUrl\":\"http:\\\/\\\/arv-argentina.com\\\/wp-content\\\/uploads\\\/2016\\\/10\\\/arv-logo-head1.png\",\"width\":133,\"height\":54,\"caption\":\"ARV Argentina\"},\"image\":{\"@id\":\"https:\\\/\\\/arv-argentina.com\\\/es\\\/#\\\/schema\\\/logo\\\/image\\\/\"}},{\"@type\":\"Person\",\"@id\":\"https:\\\/\\\/arv-argentina.com\\\/#\\\/schema\\\/person\\\/b815cf94bd4970ab5da59116912fd46a\",\"name\":\"arvonline\"}]}<\/script>\n<!-- \/ Yoast SEO plugin. -->","yoast_head_json":{"title":"Ley de: Alivio fiscal para fortalecer la salida econ\u00f3mica y social a la pandemia","description":"Ley de: Alivio fiscal para fortalecer la salida econ\u00f3mica y social a la pandemia generada por el covid-19.","robots":{"index":"index","follow":"follow","max-snippet":"max-snippet:-1","max-image-preview":"max-image-preview:large","max-video-preview":"max-video-preview:-1"},"canonical":"https:\/\/arv-argentina.com\/es\/sintesis-informativa-92-2021\/","og_locale":"es_ES","og_type":"article","og_title":"Ley de: Alivio fiscal para fortalecer la salida econ\u00f3mica y social a la pandemia","og_description":"Ley de: Alivio fiscal para fortalecer la salida econ\u00f3mica y social a la pandemia generada por el covid-19.","og_url":"https:\/\/arv-argentina.com\/es\/sintesis-informativa-92-2021\/","og_site_name":"ARV Argentina | Alvarez Roperti Venegas Consultores Tributarios &amp; Auditores","article_published_time":"2021-10-28T19:13:26+00:00","article_modified_time":"2021-10-29T20:13:55+00:00","author":"arvonline","twitter_card":"summary_large_image","twitter_misc":{"Escrito por":"arvonline","Tiempo de lectura":"6 minutos"},"schema":{"@context":"https:\/\/schema.org","@graph":[{"@type":"Article","@id":"https:\/\/arv-argentina.com\/sintesis-informativa-92-2021\/#article","isPartOf":{"@id":"https:\/\/arv-argentina.com\/sintesis-informativa-92-2021\/"},"author":{"name":"arvonline","@id":"https:\/\/arv-argentina.com\/#\/schema\/person\/b815cf94bd4970ab5da59116912fd46a"},"headline":"SINTESIS INFORMATIVA N\u00b0 92\/2021","datePublished":"2021-10-28T19:13:26+00:00","dateModified":"2021-10-29T20:13:55+00:00","mainEntityOfPage":{"@id":"https:\/\/arv-argentina.com\/sintesis-informativa-92-2021\/"},"wordCount":1364,"publisher":{"@id":"https:\/\/arv-argentina.com\/#organization"},"articleSection":["S\u00edntesis Informativas"],"inLanguage":"es"},{"@type":"WebPage","@id":"https:\/\/arv-argentina.com\/es\/sintesis-informativa-92-2021\/","url":"https:\/\/arv-argentina.com\/es\/sintesis-informativa-92-2021\/","name":"Ley de: Alivio fiscal para fortalecer la salida econ\u00f3mica y social a la pandemia","isPartOf":{"@id":"https:\/\/arv-argentina.com\/es\/#website"},"datePublished":"2021-10-28T19:13:26+00:00","dateModified":"2021-10-29T20:13:55+00:00","description":"Ley de: Alivio fiscal para fortalecer la salida econ\u00f3mica y social a la pandemia generada por el covid-19.","breadcrumb":{"@id":"https:\/\/arv-argentina.com\/es\/sintesis-informativa-92-2021\/#breadcrumb"},"inLanguage":"es","potentialAction":[{"@type":"ReadAction","target":[["https:\/\/arv-argentina.com\/es\/sintesis-informativa-92-2021\/"]]}]},{"@type":"BreadcrumbList","@id":"https:\/\/arv-argentina.com\/es\/sintesis-informativa-92-2021\/#breadcrumb","itemListElement":[{"@type":"ListItem","position":1,"name":"Portada","item":"https:\/\/arv-argentina.com\/es\/"},{"@type":"ListItem","position":2,"name":"SINTESIS INFORMATIVA N\u00b0 92\/2021"}]},{"@type":"WebSite","@id":"https:\/\/arv-argentina.com\/es\/#website","url":"https:\/\/arv-argentina.com\/es\/","name":"ARV Argentina | Alvarez Roperti Venegas Consultores Tributarios &amp; Auditores","description":"Especialistas en Consultor\u00eda Tributaria y Auditor\u00edaEspecialistas en consultor\u00eda Tributaria y Auditor\u00eda","publisher":{"@id":"https:\/\/arv-argentina.com\/es\/#organization"},"potentialAction":[{"@type":"SearchAction","target":{"@type":"EntryPoint","urlTemplate":"https:\/\/arv-argentina.com\/es\/?s={search_term_string}"},"query-input":{"@type":"PropertyValueSpecification","valueRequired":true,"valueName":"search_term_string"}}],"inLanguage":"es"},{"@type":"Organization","@id":"https:\/\/arv-argentina.com\/es\/#organization","name":"ARV Argentina","url":"https:\/\/arv-argentina.com\/es\/","logo":{"@type":"ImageObject","inLanguage":"es","@id":"https:\/\/arv-argentina.com\/es\/#\/schema\/logo\/image\/","url":"http:\/\/arv-argentina.com\/wp-content\/uploads\/2016\/10\/arv-logo-head1.png","contentUrl":"http:\/\/arv-argentina.com\/wp-content\/uploads\/2016\/10\/arv-logo-head1.png","width":133,"height":54,"caption":"ARV Argentina"},"image":{"@id":"https:\/\/arv-argentina.com\/es\/#\/schema\/logo\/image\/"}},{"@type":"Person","@id":"https:\/\/arv-argentina.com\/#\/schema\/person\/b815cf94bd4970ab5da59116912fd46a","name":"arvonline"}]}},"_links":{"self":[{"href":"https:\/\/arv-argentina.com\/es\/wp-json\/wp\/v2\/posts\/18511","targetHints":{"allow":["GET"]}}],"collection":[{"href":"https:\/\/arv-argentina.com\/es\/wp-json\/wp\/v2\/posts"}],"about":[{"href":"https:\/\/arv-argentina.com\/es\/wp-json\/wp\/v2\/types\/post"}],"author":[{"embeddable":true,"href":"https:\/\/arv-argentina.com\/es\/wp-json\/wp\/v2\/users\/1"}],"replies":[{"embeddable":true,"href":"https:\/\/arv-argentina.com\/es\/wp-json\/wp\/v2\/comments?post=18511"}],"version-history":[{"count":5,"href":"https:\/\/arv-argentina.com\/es\/wp-json\/wp\/v2\/posts\/18511\/revisions"}],"predecessor-version":[{"id":18516,"href":"https:\/\/arv-argentina.com\/es\/wp-json\/wp\/v2\/posts\/18511\/revisions\/18516"}],"wp:attachment":[{"href":"https:\/\/arv-argentina.com\/es\/wp-json\/wp\/v2\/media?parent=18511"}],"wp:term":[{"taxonomy":"category","embeddable":true,"href":"https:\/\/arv-argentina.com\/es\/wp-json\/wp\/v2\/categories?post=18511"},{"taxonomy":"post_tag","embeddable":true,"href":"https:\/\/arv-argentina.com\/es\/wp-json\/wp\/v2\/tags?post=18511"}],"curies":[{"name":"wp","href":"https:\/\/api.w.org\/{rel}","templated":true}]}}