{"id":18899,"date":"2023-05-11T13:02:42","date_gmt":"2023-05-11T16:02:42","guid":{"rendered":"https:\/\/arv-argentina.com\/?p=18899"},"modified":"2023-05-11T13:04:30","modified_gmt":"2023-05-11T16:04:30","slug":"sintesis-informativa-10-2023","status":"publish","type":"post","link":"https:\/\/arv-argentina.com\/es\/sintesis-informativa-10-2023\/","title":{"rendered":"SINTESIS INFORMATIVA N\u00b0 10\/2023"},"content":{"rendered":"<p><b>Se incrementan los montos mensuales para que los empleados en relaci\u00f3n de dependencia, jubilados y pensionados comiencen a pagar el impuesto a las ganancias.<\/b> <b>Decreto 267\/2023. B.O. 11\/05\/2023.<\/b><\/p>\n<p>&nbsp;<\/p>\n<p style=\"text-align: justify;\">Se determina un nuevo incremento extraordinario de determinadas deducciones para empleados en relaci\u00f3n de dependencia y otros en el impuesto a las Ganancias.<\/p>\n<p style=\"text-align: justify;\">No corresponder\u00e1 retenci\u00f3n alguna del impuesto a las ganancias cuando la remuneraci\u00f3n bruta o el promedio de las remuneraciones brutas mensuales del mes de mayo del 2023, el que fuere menor, no supere los $ 506.230.<\/p>\n<p style=\"text-align: justify;\">Se exime del pago del impuesto a las cuotas del SAC de los trabajadores cuya remuneraci\u00f3n y o haber bruto no supere la mencionada suma.<\/p>\n<p style=\"text-align: justify;\">Asimismo se encomienda a la AFIP que establezca los importes correspondientes a los distintos tramos de la deducci\u00f3n especial incrementada que resultar\u00e1 aplicable sobre las remuneraciones y\/o haberes brutos mayores a $ 506.230 y hasta $ 583.851.<\/p>\n<p>Aplicaci\u00f3n: Remuneraciones brutas devengadas desde 01\/05\/2023, y para las cuotas del SAC 2023.<\/p>\n<p>&nbsp;<\/p>\n<p>&nbsp;<\/p>\n<p>&nbsp;<\/p>\n<p>Ciudad Aut\u00f3noma de Buenos Aires, mayo de 2023.<\/p>","protected":false},"excerpt":{"rendered":"<p>Se incrementan los montos mensuales para que los empleados en relaci\u00f3n de dependencia, jubilados y pensionados comiencen a pagar el impuesto a las ganancias. Decreto 267\/2023. B.O. 11\/05\/2023. &nbsp; Se determina un nuevo incremento extraordinario de determinadas deducciones para empleados en relaci\u00f3n de dependencia y&#8230;<\/p>\n","protected":false},"author":1,"featured_media":0,"comment_status":"closed","ping_status":"closed","sticky":false,"template":"","format":"standard","meta":{"footnotes":""},"categories":[62],"tags":[],"class_list":["post-18899","post","type-post","status-publish","format-standard","hentry","category-sintesis-informativas"],"yoast_head":"<!-- This site is optimized with the Yoast SEO plugin v27.4 - https:\/\/yoast.com\/product\/yoast-seo-wordpress\/ -->\n<title>Se incrementan los montos mensuales para que los empleados ...<\/title>\n<meta name=\"description\" content=\"Se incrementan los montos mensuales para que los empleados en relaci\u00f3n de dependencia, jubilados y pensionados comiencen a pagar ...\" \/>\n<meta name=\"robots\" content=\"index, follow, max-snippet:-1, max-image-preview:large, max-video-preview:-1\" \/>\n<link rel=\"canonical\" href=\"https:\/\/arv-argentina.com\/es\/sintesis-informativa-10-2023\/\" \/>\n<meta property=\"og:locale\" content=\"es_ES\" \/>\n<meta property=\"og:type\" content=\"article\" \/>\n<meta property=\"og:title\" content=\"Se incrementan los montos mensuales para que los empleados ...\" \/>\n<meta property=\"og:description\" content=\"Se incrementan los montos mensuales para que los empleados en relaci\u00f3n de dependencia, jubilados y pensionados comiencen a pagar ...\" \/>\n<meta property=\"og:url\" content=\"https:\/\/arv-argentina.com\/es\/sintesis-informativa-10-2023\/\" \/>\n<meta property=\"og:site_name\" content=\"ARV Argentina | Alvarez Roperti Venegas Consultores Tributarios &amp; Auditores\" \/>\n<meta property=\"article:published_time\" content=\"2023-05-11T16:02:42+00:00\" \/>\n<meta property=\"article:modified_time\" content=\"2023-05-11T16:04:30+00:00\" \/>\n<meta name=\"author\" content=\"arvonline\" \/>\n<meta name=\"twitter:card\" content=\"summary_large_image\" \/>\n<meta name=\"twitter:label1\" content=\"Escrito por\" \/>\n\t<meta name=\"twitter:data1\" content=\"arvonline\" \/>\n\t<meta name=\"twitter:label2\" content=\"Tiempo de lectura\" \/>\n\t<meta name=\"twitter:data2\" content=\"1 minuto\" \/>\n<script type=\"application\/ld+json\" class=\"yoast-schema-graph\">{\"@context\":\"https:\\\/\\\/schema.org\",\"@graph\":[{\"@type\":\"Article\",\"@id\":\"https:\\\/\\\/arv-argentina.com\\\/sintesis-informativa-10-2023\\\/#article\",\"isPartOf\":{\"@id\":\"https:\\\/\\\/arv-argentina.com\\\/sintesis-informativa-10-2023\\\/\"},\"author\":{\"name\":\"arvonline\",\"@id\":\"https:\\\/\\\/arv-argentina.com\\\/#\\\/schema\\\/person\\\/b815cf94bd4970ab5da59116912fd46a\"},\"headline\":\"SINTESIS INFORMATIVA N\u00b0 10\\\/2023\",\"datePublished\":\"2023-05-11T16:02:42+00:00\",\"dateModified\":\"2023-05-11T16:04:30+00:00\",\"mainEntityOfPage\":{\"@id\":\"https:\\\/\\\/arv-argentina.com\\\/sintesis-informativa-10-2023\\\/\"},\"wordCount\":177,\"publisher\":{\"@id\":\"https:\\\/\\\/arv-argentina.com\\\/#organization\"},\"articleSection\":[\"S\u00edntesis Informativas\"],\"inLanguage\":\"es\"},{\"@type\":\"WebPage\",\"@id\":\"https:\\\/\\\/arv-argentina.com\\\/es\\\/sintesis-informativa-10-2023\\\/\",\"url\":\"https:\\\/\\\/arv-argentina.com\\\/es\\\/sintesis-informativa-10-2023\\\/\",\"name\":\"Se incrementan los montos mensuales para que los empleados ...\",\"isPartOf\":{\"@id\":\"https:\\\/\\\/arv-argentina.com\\\/es\\\/#website\"},\"datePublished\":\"2023-05-11T16:02:42+00:00\",\"dateModified\":\"2023-05-11T16:04:30+00:00\",\"description\":\"Se incrementan los montos mensuales para que los empleados en relaci\u00f3n de dependencia, jubilados y pensionados comiencen a pagar ...\",\"breadcrumb\":{\"@id\":\"https:\\\/\\\/arv-argentina.com\\\/es\\\/sintesis-informativa-10-2023\\\/#breadcrumb\"},\"inLanguage\":\"es\",\"potentialAction\":[{\"@type\":\"ReadAction\",\"target\":[[\"https:\\\/\\\/arv-argentina.com\\\/es\\\/sintesis-informativa-10-2023\\\/\"]]}]},{\"@type\":\"BreadcrumbList\",\"@id\":\"https:\\\/\\\/arv-argentina.com\\\/es\\\/sintesis-informativa-10-2023\\\/#breadcrumb\",\"itemListElement\":[{\"@type\":\"ListItem\",\"position\":1,\"name\":\"Portada\",\"item\":\"https:\\\/\\\/arv-argentina.com\\\/es\\\/\"},{\"@type\":\"ListItem\",\"position\":2,\"name\":\"SINTESIS INFORMATIVA N\u00b0 10\\\/2023\"}]},{\"@type\":\"WebSite\",\"@id\":\"https:\\\/\\\/arv-argentina.com\\\/es\\\/#website\",\"url\":\"https:\\\/\\\/arv-argentina.com\\\/es\\\/\",\"name\":\"ARV Argentina | Alvarez Roperti Venegas Consultores Tributarios &amp; Auditores\",\"description\":\"Especialistas en Consultor\u00eda Tributaria y Auditor\u00edaEspecialistas en consultor\u00eda Tributaria y Auditor\u00eda\",\"publisher\":{\"@id\":\"https:\\\/\\\/arv-argentina.com\\\/es\\\/#organization\"},\"potentialAction\":[{\"@type\":\"SearchAction\",\"target\":{\"@type\":\"EntryPoint\",\"urlTemplate\":\"https:\\\/\\\/arv-argentina.com\\\/es\\\/?s={search_term_string}\"},\"query-input\":{\"@type\":\"PropertyValueSpecification\",\"valueRequired\":true,\"valueName\":\"search_term_string\"}}],\"inLanguage\":\"es\"},{\"@type\":\"Organization\",\"@id\":\"https:\\\/\\\/arv-argentina.com\\\/es\\\/#organization\",\"name\":\"ARV Argentina\",\"url\":\"https:\\\/\\\/arv-argentina.com\\\/es\\\/\",\"logo\":{\"@type\":\"ImageObject\",\"inLanguage\":\"es\",\"@id\":\"https:\\\/\\\/arv-argentina.com\\\/es\\\/#\\\/schema\\\/logo\\\/image\\\/\",\"url\":\"http:\\\/\\\/arv-argentina.com\\\/wp-content\\\/uploads\\\/2016\\\/10\\\/arv-logo-head1.png\",\"contentUrl\":\"http:\\\/\\\/arv-argentina.com\\\/wp-content\\\/uploads\\\/2016\\\/10\\\/arv-logo-head1.png\",\"width\":133,\"height\":54,\"caption\":\"ARV Argentina\"},\"image\":{\"@id\":\"https:\\\/\\\/arv-argentina.com\\\/es\\\/#\\\/schema\\\/logo\\\/image\\\/\"}},{\"@type\":\"Person\",\"@id\":\"https:\\\/\\\/arv-argentina.com\\\/#\\\/schema\\\/person\\\/b815cf94bd4970ab5da59116912fd46a\",\"name\":\"arvonline\"}]}<\/script>\n<!-- \/ Yoast SEO plugin. -->","yoast_head_json":{"title":"Se incrementan los montos mensuales para que los empleados ...","description":"Se incrementan los montos mensuales para que los empleados en relaci\u00f3n de dependencia, jubilados y pensionados comiencen a pagar ...","robots":{"index":"index","follow":"follow","max-snippet":"max-snippet:-1","max-image-preview":"max-image-preview:large","max-video-preview":"max-video-preview:-1"},"canonical":"https:\/\/arv-argentina.com\/es\/sintesis-informativa-10-2023\/","og_locale":"es_ES","og_type":"article","og_title":"Se incrementan los montos mensuales para que los empleados ...","og_description":"Se incrementan los montos mensuales para que los empleados en relaci\u00f3n de dependencia, jubilados y pensionados comiencen a pagar ...","og_url":"https:\/\/arv-argentina.com\/es\/sintesis-informativa-10-2023\/","og_site_name":"ARV Argentina | Alvarez Roperti Venegas Consultores Tributarios &amp; Auditores","article_published_time":"2023-05-11T16:02:42+00:00","article_modified_time":"2023-05-11T16:04:30+00:00","author":"arvonline","twitter_card":"summary_large_image","twitter_misc":{"Escrito por":"arvonline","Tiempo de lectura":"1 minuto"},"schema":{"@context":"https:\/\/schema.org","@graph":[{"@type":"Article","@id":"https:\/\/arv-argentina.com\/sintesis-informativa-10-2023\/#article","isPartOf":{"@id":"https:\/\/arv-argentina.com\/sintesis-informativa-10-2023\/"},"author":{"name":"arvonline","@id":"https:\/\/arv-argentina.com\/#\/schema\/person\/b815cf94bd4970ab5da59116912fd46a"},"headline":"SINTESIS INFORMATIVA N\u00b0 10\/2023","datePublished":"2023-05-11T16:02:42+00:00","dateModified":"2023-05-11T16:04:30+00:00","mainEntityOfPage":{"@id":"https:\/\/arv-argentina.com\/sintesis-informativa-10-2023\/"},"wordCount":177,"publisher":{"@id":"https:\/\/arv-argentina.com\/#organization"},"articleSection":["S\u00edntesis Informativas"],"inLanguage":"es"},{"@type":"WebPage","@id":"https:\/\/arv-argentina.com\/es\/sintesis-informativa-10-2023\/","url":"https:\/\/arv-argentina.com\/es\/sintesis-informativa-10-2023\/","name":"Se incrementan los montos mensuales para que los empleados ...","isPartOf":{"@id":"https:\/\/arv-argentina.com\/es\/#website"},"datePublished":"2023-05-11T16:02:42+00:00","dateModified":"2023-05-11T16:04:30+00:00","description":"Se incrementan los montos mensuales para que los empleados en relaci\u00f3n de dependencia, jubilados y pensionados comiencen a pagar ...","breadcrumb":{"@id":"https:\/\/arv-argentina.com\/es\/sintesis-informativa-10-2023\/#breadcrumb"},"inLanguage":"es","potentialAction":[{"@type":"ReadAction","target":[["https:\/\/arv-argentina.com\/es\/sintesis-informativa-10-2023\/"]]}]},{"@type":"BreadcrumbList","@id":"https:\/\/arv-argentina.com\/es\/sintesis-informativa-10-2023\/#breadcrumb","itemListElement":[{"@type":"ListItem","position":1,"name":"Portada","item":"https:\/\/arv-argentina.com\/es\/"},{"@type":"ListItem","position":2,"name":"SINTESIS INFORMATIVA N\u00b0 10\/2023"}]},{"@type":"WebSite","@id":"https:\/\/arv-argentina.com\/es\/#website","url":"https:\/\/arv-argentina.com\/es\/","name":"ARV Argentina | Alvarez Roperti Venegas Consultores Tributarios &amp; Auditores","description":"Especialistas en Consultor\u00eda Tributaria y Auditor\u00edaEspecialistas en consultor\u00eda Tributaria y Auditor\u00eda","publisher":{"@id":"https:\/\/arv-argentina.com\/es\/#organization"},"potentialAction":[{"@type":"SearchAction","target":{"@type":"EntryPoint","urlTemplate":"https:\/\/arv-argentina.com\/es\/?s={search_term_string}"},"query-input":{"@type":"PropertyValueSpecification","valueRequired":true,"valueName":"search_term_string"}}],"inLanguage":"es"},{"@type":"Organization","@id":"https:\/\/arv-argentina.com\/es\/#organization","name":"ARV Argentina","url":"https:\/\/arv-argentina.com\/es\/","logo":{"@type":"ImageObject","inLanguage":"es","@id":"https:\/\/arv-argentina.com\/es\/#\/schema\/logo\/image\/","url":"http:\/\/arv-argentina.com\/wp-content\/uploads\/2016\/10\/arv-logo-head1.png","contentUrl":"http:\/\/arv-argentina.com\/wp-content\/uploads\/2016\/10\/arv-logo-head1.png","width":133,"height":54,"caption":"ARV Argentina"},"image":{"@id":"https:\/\/arv-argentina.com\/es\/#\/schema\/logo\/image\/"}},{"@type":"Person","@id":"https:\/\/arv-argentina.com\/#\/schema\/person\/b815cf94bd4970ab5da59116912fd46a","name":"arvonline"}]}},"_links":{"self":[{"href":"https:\/\/arv-argentina.com\/es\/wp-json\/wp\/v2\/posts\/18899","targetHints":{"allow":["GET"]}}],"collection":[{"href":"https:\/\/arv-argentina.com\/es\/wp-json\/wp\/v2\/posts"}],"about":[{"href":"https:\/\/arv-argentina.com\/es\/wp-json\/wp\/v2\/types\/post"}],"author":[{"embeddable":true,"href":"https:\/\/arv-argentina.com\/es\/wp-json\/wp\/v2\/users\/1"}],"replies":[{"embeddable":true,"href":"https:\/\/arv-argentina.com\/es\/wp-json\/wp\/v2\/comments?post=18899"}],"version-history":[{"count":3,"href":"https:\/\/arv-argentina.com\/es\/wp-json\/wp\/v2\/posts\/18899\/revisions"}],"predecessor-version":[{"id":18902,"href":"https:\/\/arv-argentina.com\/es\/wp-json\/wp\/v2\/posts\/18899\/revisions\/18902"}],"wp:attachment":[{"href":"https:\/\/arv-argentina.com\/es\/wp-json\/wp\/v2\/media?parent=18899"}],"wp:term":[{"taxonomy":"category","embeddable":true,"href":"https:\/\/arv-argentina.com\/es\/wp-json\/wp\/v2\/categories?post=18899"},{"taxonomy":"post_tag","embeddable":true,"href":"https:\/\/arv-argentina.com\/es\/wp-json\/wp\/v2\/tags?post=18899"}],"curies":[{"name":"wp","href":"https:\/\/api.w.org\/{rel}","templated":true}]}}