{"id":19118,"date":"2024-01-03T16:48:13","date_gmt":"2024-01-03T19:48:13","guid":{"rendered":"https:\/\/arv-argentina.com\/?p=19118"},"modified":"2024-01-03T16:49:00","modified_gmt":"2024-01-03T19:49:00","slug":"sintesis-informativa-03-2024","status":"publish","type":"post","link":"https:\/\/arv-argentina.com\/es\/sintesis-informativa-03-2024\/","title":{"rendered":"SINTESIS INFORMATIVA N\u00b0 03\/2024"},"content":{"rendered":"<p><\/p>\n<h4 style=\"text-align: justify;\"><b>Padr\u00f3n de deuda comercial por importaciones con proveedores del exterior. <\/b><b>Resoluci\u00f3n General Conjunta (AFIP y Secretaria de Comercio) 5466\/2023 B.O. 22\/12\/2023.<\/b><\/h4>\n<p>&nbsp;<\/p>\n<p style=\"text-align: justify;\"><span style=\"font-weight: 400;\">A trav\u00e9s de la resoluci\u00f3n general conjunta 5466, se crea el \u201cPadr\u00f3n de deuda comercial por importaciones con proveedores del exterior\u201d en el cual deber\u00e1n inscribirse los sujetos que cuenten con deuda comercial por importaciones de bienes y\/o de servicios y efectuar la correspondiente declaraci\u00f3n jurada. En caso de los bienes, se entender\u00e1n contempladas en esta situaci\u00f3n, aquellas operaciones con despacho a plaza &#8211; con o sin plazo vencido- sean importaciones a consumo definitivo o temporales, declaraciones SIRA aprobadas en el marco de las excepciones previstas en los apartados 8 y 9 de la Comunicaci\u00f3n \u201cA\u201d 7622\/22 (BCRA), sus modificaciones y sus complementarias, y declaraciones particulares de importaci\u00f3n conforme lo dispuesto en la Resoluci\u00f3n General N\u00ba 3.628 (AFIP). Ello, siempre que se trate de importaciones con fecha de oficializaci\u00f3n anterior al 13 de diciembre de 2023 conforme la Comunicaci\u00f3n <\/span><span style=\"font-weight: 400;\">del BANCO CENTRAL DE LA REP\u00daBLICA ARGENTINA \u201cA\u201d 7917<\/span><\/p>\n<p style=\"text-align: justify;\"><span style=\"font-weight: 400;\">Los sujetos alcanzados deber\u00e1n completar el registro de deuda hasta el 10\/01\/2024, inclusive. La informaci\u00f3n all\u00ed consignada tendr\u00e1 car\u00e1cter de declaraci\u00f3n jurada y ser\u00e1 vinculante.<\/span><\/p>\n<p style=\"text-align: justify;\"><span style=\"font-weight: 400;\">Tambi\u00e9n podr\u00e1n inscribir la deuda en el registro aquellos sujetos que, habiendo tenido deuda con proveedores del exterior, la han logrado cancelar mediante otros mecanismos que no implicaron el acceso al Mercado Libre de Cambio, alcanzando el cumplimiento total de las obligaciones de pago asociadas a esa operaci\u00f3n.<\/span><\/p>\n<p style=\"text-align: justify;\"><span style=\"font-weight: 400;\">La declaraci\u00f3n jurada podr\u00e1 ser anulada y reemplazada por otra, cuando debido a un error involuntario, la informaci\u00f3n no refleje la veracidad de los datos, dentro del plazo de 3 d\u00edas a contar desde su registro.<\/span><\/p>\n<p style=\"text-align: justify;\"><span style=\"font-weight: 400;\">La Administraci\u00f3n Federal de Ingresos P\u00fablicos, habilito el servicio \u201cDeclaraci\u00f3n Jurada Deuda de Importaci\u00f3n RG 5466\/2023\u201d<\/span><\/p>\n<p>&nbsp;<\/p>\n<p style=\"text-align: justify;\"><span style=\"font-weight: 400;\">Podr\u00e1n descargar el manual para el registro de la declaraci\u00f3n jurada:<\/span><\/p>\n<p style=\"text-align: justify;\"><a href=\"https:\/\/www.afip.gob.ar\/sedi\/documentos\/Manual-DJDI.pdf\" target=\"_blank\" rel=\"noopener\"><span style=\"font-weight: 400;\">https:\/\/www.afip.gob.ar\/sedi\/documentos\/Manual-DJDI.pdf<\/span><\/a><span style=\"font-weight: 400;\">\u00a0<\/span><\/p>\n<p>&nbsp;<\/p>\n<p>&nbsp;<\/p>\n<p style=\"text-align: justify;\"><span style=\"font-weight: 400;\">Ciudad Aut\u00f3noma de Buenos Aires, enero de 2024.<\/span><\/p>\n<p><\/p>","protected":false},"excerpt":{"rendered":"<p>Padr\u00f3n de deuda comercial por importaciones con proveedores del exterior. Resoluci\u00f3n General Conjunta (AFIP y Secretaria de Comercio) 5466\/2023 B.O. 22\/12\/2023. &nbsp; A trav\u00e9s de la resoluci\u00f3n general conjunta 5466, se crea el \u201cPadr\u00f3n de deuda comercial por importaciones con proveedores del exterior\u201d en el&#8230;<\/p>\n","protected":false},"author":1,"featured_media":0,"comment_status":"closed","ping_status":"closed","sticky":false,"template":"","format":"standard","meta":{"footnotes":""},"categories":[62],"tags":[],"class_list":["post-19118","post","type-post","status-publish","format-standard","hentry","category-sintesis-informativas"],"yoast_head":"<!-- This site is optimized with the Yoast SEO plugin v27.4 - https:\/\/yoast.com\/product\/yoast-seo-wordpress\/ -->\n<title>Padr\u00f3n de deuda comercial por importaciones con proveedores ...<\/title>\n<meta name=\"description\" content=\"Padr\u00f3n de deuda comercial por importaciones con proveedores del exterior. Resoluci\u00f3n General Conjunta ...\" \/>\n<meta name=\"robots\" content=\"index, follow, max-snippet:-1, max-image-preview:large, max-video-preview:-1\" \/>\n<link rel=\"canonical\" href=\"https:\/\/arv-argentina.com\/es\/sintesis-informativa-03-2024\/\" \/>\n<meta property=\"og:locale\" content=\"es_ES\" \/>\n<meta property=\"og:type\" content=\"article\" \/>\n<meta property=\"og:title\" content=\"Padr\u00f3n de deuda comercial por importaciones con proveedores ...\" \/>\n<meta property=\"og:description\" content=\"Padr\u00f3n de deuda comercial por importaciones con proveedores del exterior. Resoluci\u00f3n General Conjunta ...\" \/>\n<meta property=\"og:url\" content=\"https:\/\/arv-argentina.com\/es\/sintesis-informativa-03-2024\/\" \/>\n<meta property=\"og:site_name\" content=\"ARV Argentina | Alvarez Roperti Venegas Consultores Tributarios &amp; Auditores\" \/>\n<meta property=\"article:published_time\" content=\"2024-01-03T19:48:13+00:00\" \/>\n<meta property=\"article:modified_time\" content=\"2024-01-03T19:49:00+00:00\" \/>\n<meta name=\"author\" content=\"arvonline\" \/>\n<meta name=\"twitter:card\" content=\"summary_large_image\" \/>\n<meta name=\"twitter:label1\" content=\"Escrito por\" \/>\n\t<meta name=\"twitter:data1\" content=\"arvonline\" \/>\n\t<meta name=\"twitter:label2\" content=\"Tiempo de lectura\" \/>\n\t<meta name=\"twitter:data2\" content=\"2 minutos\" \/>\n<script type=\"application\/ld+json\" class=\"yoast-schema-graph\">{\"@context\":\"https:\\\/\\\/schema.org\",\"@graph\":[{\"@type\":\"Article\",\"@id\":\"https:\\\/\\\/arv-argentina.com\\\/sintesis-informativa-03-2024\\\/#article\",\"isPartOf\":{\"@id\":\"https:\\\/\\\/arv-argentina.com\\\/sintesis-informativa-03-2024\\\/\"},\"author\":{\"name\":\"arvonline\",\"@id\":\"https:\\\/\\\/arv-argentina.com\\\/#\\\/schema\\\/person\\\/b815cf94bd4970ab5da59116912fd46a\"},\"headline\":\"SINTESIS INFORMATIVA N\u00b0 03\\\/2024\",\"datePublished\":\"2024-01-03T19:48:13+00:00\",\"dateModified\":\"2024-01-03T19:49:00+00:00\",\"mainEntityOfPage\":{\"@id\":\"https:\\\/\\\/arv-argentina.com\\\/sintesis-informativa-03-2024\\\/\"},\"wordCount\":351,\"publisher\":{\"@id\":\"https:\\\/\\\/arv-argentina.com\\\/#organization\"},\"articleSection\":[\"S\u00edntesis Informativas\"],\"inLanguage\":\"es\"},{\"@type\":\"WebPage\",\"@id\":\"https:\\\/\\\/arv-argentina.com\\\/es\\\/sintesis-informativa-03-2024\\\/\",\"url\":\"https:\\\/\\\/arv-argentina.com\\\/es\\\/sintesis-informativa-03-2024\\\/\",\"name\":\"Padr\u00f3n de deuda comercial por importaciones con proveedores ...\",\"isPartOf\":{\"@id\":\"https:\\\/\\\/arv-argentina.com\\\/es\\\/#website\"},\"datePublished\":\"2024-01-03T19:48:13+00:00\",\"dateModified\":\"2024-01-03T19:49:00+00:00\",\"description\":\"Padr\u00f3n de deuda comercial por importaciones con proveedores del exterior. Resoluci\u00f3n General Conjunta ...\",\"breadcrumb\":{\"@id\":\"https:\\\/\\\/arv-argentina.com\\\/es\\\/sintesis-informativa-03-2024\\\/#breadcrumb\"},\"inLanguage\":\"es\",\"potentialAction\":[{\"@type\":\"ReadAction\",\"target\":[[\"https:\\\/\\\/arv-argentina.com\\\/es\\\/sintesis-informativa-03-2024\\\/\"]]}]},{\"@type\":\"BreadcrumbList\",\"@id\":\"https:\\\/\\\/arv-argentina.com\\\/es\\\/sintesis-informativa-03-2024\\\/#breadcrumb\",\"itemListElement\":[{\"@type\":\"ListItem\",\"position\":1,\"name\":\"Portada\",\"item\":\"https:\\\/\\\/arv-argentina.com\\\/es\\\/\"},{\"@type\":\"ListItem\",\"position\":2,\"name\":\"SINTESIS INFORMATIVA N\u00b0 03\\\/2024\"}]},{\"@type\":\"WebSite\",\"@id\":\"https:\\\/\\\/arv-argentina.com\\\/es\\\/#website\",\"url\":\"https:\\\/\\\/arv-argentina.com\\\/es\\\/\",\"name\":\"ARV Argentina | Alvarez Roperti Venegas Consultores Tributarios &amp; Auditores\",\"description\":\"Especialistas en Consultor\u00eda Tributaria y Auditor\u00edaEspecialistas en consultor\u00eda Tributaria y Auditor\u00eda\",\"publisher\":{\"@id\":\"https:\\\/\\\/arv-argentina.com\\\/es\\\/#organization\"},\"potentialAction\":[{\"@type\":\"SearchAction\",\"target\":{\"@type\":\"EntryPoint\",\"urlTemplate\":\"https:\\\/\\\/arv-argentina.com\\\/es\\\/?s={search_term_string}\"},\"query-input\":{\"@type\":\"PropertyValueSpecification\",\"valueRequired\":true,\"valueName\":\"search_term_string\"}}],\"inLanguage\":\"es\"},{\"@type\":\"Organization\",\"@id\":\"https:\\\/\\\/arv-argentina.com\\\/es\\\/#organization\",\"name\":\"ARV Argentina\",\"url\":\"https:\\\/\\\/arv-argentina.com\\\/es\\\/\",\"logo\":{\"@type\":\"ImageObject\",\"inLanguage\":\"es\",\"@id\":\"https:\\\/\\\/arv-argentina.com\\\/es\\\/#\\\/schema\\\/logo\\\/image\\\/\",\"url\":\"http:\\\/\\\/arv-argentina.com\\\/wp-content\\\/uploads\\\/2016\\\/10\\\/arv-logo-head1.png\",\"contentUrl\":\"http:\\\/\\\/arv-argentina.com\\\/wp-content\\\/uploads\\\/2016\\\/10\\\/arv-logo-head1.png\",\"width\":133,\"height\":54,\"caption\":\"ARV Argentina\"},\"image\":{\"@id\":\"https:\\\/\\\/arv-argentina.com\\\/es\\\/#\\\/schema\\\/logo\\\/image\\\/\"}},{\"@type\":\"Person\",\"@id\":\"https:\\\/\\\/arv-argentina.com\\\/#\\\/schema\\\/person\\\/b815cf94bd4970ab5da59116912fd46a\",\"name\":\"arvonline\"}]}<\/script>\n<!-- \/ Yoast SEO plugin. -->","yoast_head_json":{"title":"Padr\u00f3n de deuda comercial por importaciones con proveedores ...","description":"Padr\u00f3n de deuda comercial por importaciones con proveedores del exterior. Resoluci\u00f3n General Conjunta ...","robots":{"index":"index","follow":"follow","max-snippet":"max-snippet:-1","max-image-preview":"max-image-preview:large","max-video-preview":"max-video-preview:-1"},"canonical":"https:\/\/arv-argentina.com\/es\/sintesis-informativa-03-2024\/","og_locale":"es_ES","og_type":"article","og_title":"Padr\u00f3n de deuda comercial por importaciones con proveedores ...","og_description":"Padr\u00f3n de deuda comercial por importaciones con proveedores del exterior. Resoluci\u00f3n General Conjunta ...","og_url":"https:\/\/arv-argentina.com\/es\/sintesis-informativa-03-2024\/","og_site_name":"ARV Argentina | Alvarez Roperti Venegas Consultores Tributarios &amp; Auditores","article_published_time":"2024-01-03T19:48:13+00:00","article_modified_time":"2024-01-03T19:49:00+00:00","author":"arvonline","twitter_card":"summary_large_image","twitter_misc":{"Escrito por":"arvonline","Tiempo de lectura":"2 minutos"},"schema":{"@context":"https:\/\/schema.org","@graph":[{"@type":"Article","@id":"https:\/\/arv-argentina.com\/sintesis-informativa-03-2024\/#article","isPartOf":{"@id":"https:\/\/arv-argentina.com\/sintesis-informativa-03-2024\/"},"author":{"name":"arvonline","@id":"https:\/\/arv-argentina.com\/#\/schema\/person\/b815cf94bd4970ab5da59116912fd46a"},"headline":"SINTESIS INFORMATIVA N\u00b0 03\/2024","datePublished":"2024-01-03T19:48:13+00:00","dateModified":"2024-01-03T19:49:00+00:00","mainEntityOfPage":{"@id":"https:\/\/arv-argentina.com\/sintesis-informativa-03-2024\/"},"wordCount":351,"publisher":{"@id":"https:\/\/arv-argentina.com\/#organization"},"articleSection":["S\u00edntesis Informativas"],"inLanguage":"es"},{"@type":"WebPage","@id":"https:\/\/arv-argentina.com\/es\/sintesis-informativa-03-2024\/","url":"https:\/\/arv-argentina.com\/es\/sintesis-informativa-03-2024\/","name":"Padr\u00f3n de deuda comercial por importaciones con proveedores ...","isPartOf":{"@id":"https:\/\/arv-argentina.com\/es\/#website"},"datePublished":"2024-01-03T19:48:13+00:00","dateModified":"2024-01-03T19:49:00+00:00","description":"Padr\u00f3n de deuda comercial por importaciones con proveedores del exterior. Resoluci\u00f3n General Conjunta ...","breadcrumb":{"@id":"https:\/\/arv-argentina.com\/es\/sintesis-informativa-03-2024\/#breadcrumb"},"inLanguage":"es","potentialAction":[{"@type":"ReadAction","target":[["https:\/\/arv-argentina.com\/es\/sintesis-informativa-03-2024\/"]]}]},{"@type":"BreadcrumbList","@id":"https:\/\/arv-argentina.com\/es\/sintesis-informativa-03-2024\/#breadcrumb","itemListElement":[{"@type":"ListItem","position":1,"name":"Portada","item":"https:\/\/arv-argentina.com\/es\/"},{"@type":"ListItem","position":2,"name":"SINTESIS INFORMATIVA N\u00b0 03\/2024"}]},{"@type":"WebSite","@id":"https:\/\/arv-argentina.com\/es\/#website","url":"https:\/\/arv-argentina.com\/es\/","name":"ARV Argentina | Alvarez Roperti Venegas Consultores Tributarios &amp; Auditores","description":"Especialistas en Consultor\u00eda Tributaria y Auditor\u00edaEspecialistas en consultor\u00eda Tributaria y Auditor\u00eda","publisher":{"@id":"https:\/\/arv-argentina.com\/es\/#organization"},"potentialAction":[{"@type":"SearchAction","target":{"@type":"EntryPoint","urlTemplate":"https:\/\/arv-argentina.com\/es\/?s={search_term_string}"},"query-input":{"@type":"PropertyValueSpecification","valueRequired":true,"valueName":"search_term_string"}}],"inLanguage":"es"},{"@type":"Organization","@id":"https:\/\/arv-argentina.com\/es\/#organization","name":"ARV Argentina","url":"https:\/\/arv-argentina.com\/es\/","logo":{"@type":"ImageObject","inLanguage":"es","@id":"https:\/\/arv-argentina.com\/es\/#\/schema\/logo\/image\/","url":"http:\/\/arv-argentina.com\/wp-content\/uploads\/2016\/10\/arv-logo-head1.png","contentUrl":"http:\/\/arv-argentina.com\/wp-content\/uploads\/2016\/10\/arv-logo-head1.png","width":133,"height":54,"caption":"ARV Argentina"},"image":{"@id":"https:\/\/arv-argentina.com\/es\/#\/schema\/logo\/image\/"}},{"@type":"Person","@id":"https:\/\/arv-argentina.com\/#\/schema\/person\/b815cf94bd4970ab5da59116912fd46a","name":"arvonline"}]}},"_links":{"self":[{"href":"https:\/\/arv-argentina.com\/es\/wp-json\/wp\/v2\/posts\/19118","targetHints":{"allow":["GET"]}}],"collection":[{"href":"https:\/\/arv-argentina.com\/es\/wp-json\/wp\/v2\/posts"}],"about":[{"href":"https:\/\/arv-argentina.com\/es\/wp-json\/wp\/v2\/types\/post"}],"author":[{"embeddable":true,"href":"https:\/\/arv-argentina.com\/es\/wp-json\/wp\/v2\/users\/1"}],"replies":[{"embeddable":true,"href":"https:\/\/arv-argentina.com\/es\/wp-json\/wp\/v2\/comments?post=19118"}],"version-history":[{"count":4,"href":"https:\/\/arv-argentina.com\/es\/wp-json\/wp\/v2\/posts\/19118\/revisions"}],"predecessor-version":[{"id":19122,"href":"https:\/\/arv-argentina.com\/es\/wp-json\/wp\/v2\/posts\/19118\/revisions\/19122"}],"wp:attachment":[{"href":"https:\/\/arv-argentina.com\/es\/wp-json\/wp\/v2\/media?parent=19118"}],"wp:term":[{"taxonomy":"category","embeddable":true,"href":"https:\/\/arv-argentina.com\/es\/wp-json\/wp\/v2\/categories?post=19118"},{"taxonomy":"post_tag","embeddable":true,"href":"https:\/\/arv-argentina.com\/es\/wp-json\/wp\/v2\/tags?post=19118"}],"curies":[{"name":"wp","href":"https:\/\/api.w.org\/{rel}","templated":true}]}}